{"id":4100,"date":"2022-02-01T10:59:57","date_gmt":"2022-02-01T13:59:57","guid":{"rendered":"https:\/\/imais.online\/portal\/?p=4100"},"modified":"2022-02-01T10:59:59","modified_gmt":"2022-02-01T13:59:59","slug":"obra-do-metro-desmorona-em-sp-e-interdita-marginal-tiete","status":"publish","type":"post","link":"https:\/\/imais.online\/portal\/obra-do-metro-desmorona-em-sp-e-interdita-marginal-tiete\/","title":{"rendered":"Obra do Metr\u00f4 desmorona em SP e interdita marginal Tiet\u00ea"},"content":{"rendered":"<div class=\"imais-before-content-placement\" id=\"imais-1103910247\"><script async src=\"\/\/pagead2.googlesyndication.com\/pagead\/js\/adsbygoogle.js?client=ca-pub-8787528412751566\" crossorigin=\"anonymous\"><\/script><ins class=\"adsbygoogle\" style=\"display:block;\" data-ad-client=\"ca-pub-8787528412751566\" \ndata-ad-slot=\"\" \ndata-ad-format=\"auto\"><\/ins>\n<script> \n(adsbygoogle = window.adsbygoogle || []).push({}); \n<\/script>\n<\/div>\n<h2 class=\"has-text-align-center wp-block-heading\">At\u00e9 o momento, h\u00e1 4 quil\u00f4metros de congestionamento no sentido Castelo Branco. N\u00e3o h\u00e1 informa\u00e7\u00f5es de v\u00edtimas do desabamento<\/h2>\n\n\n\n<p>Uma parte da obra da Linha 6-Laranja do Metr\u00f4 desmoronou, na regi\u00e3o do Piqueri, zona norte de S\u00e3o Paulo, na manh\u00e3 desta ter\u00e7a-feira (1\u00b0). Nas imagens mostradas pelo helic\u00f3ptero da&nbsp;<strong>Record TV<\/strong>&nbsp;\u00e9 poss\u00edvel ver que uma parte da constru\u00e7\u00e3o se rompeu e foi tomada pela \u00e1gua do leito do rio. N\u00e3o h\u00e1 v\u00edtimas, segundo o Corpo de Bombeiros.<\/p>\n\n\n\n<p>O acidente aconteceu na pista local da Marginal Tiet\u00ea, aproximadamente 500 metros antes da Ponte do Piqueri, no sentido Castello Branco. A CET (Companhia de Engenharia de Tr\u00e1fego) informou que, neste momento, as pistas est\u00e3o totalmente bloqueadas e os agentes orientam os motoristas no local.<\/p>\n\n\n\n<p>Segundo o Posto de Bombeiros da Casa Verde, h\u00e1 aproximadamente oito viaturas atendendo \u00e0 ocorr\u00eancia. A Marginal Tiet\u00ea ficou interditada por cerca de 50 minutos.<\/p>\n\n\n\n<p>Os funcion\u00e1rios da empresa come\u00e7aram a ser dispensados desde \u00e0s 9h. Segundo o Corpo de Bombeiros, n\u00e3o h\u00e1 feridos, mas h\u00e1 ambul\u00e2ncias pr\u00f3ximas ao local para prestar eventuais socorros.&nbsp;<\/p>\n\n\n\n<p>Fonte R7<\/p>\n\n\n\n<p><\/p>\n","protected":false},"excerpt":{"rendered":"<p>At\u00e9 o momento, h\u00e1 4 quil\u00f4metros de congestionamento no sentido Castelo Branco. N\u00e3o h\u00e1 informa\u00e7\u00f5es de v\u00edtimas do desabamento Uma parte da obra da Linha 6-Laranja do Metr\u00f4 desmoronou, na regi\u00e3o do Piqueri, zona norte de S\u00e3o Paulo, na manh\u00e3 desta ter\u00e7a-feira (1\u00b0). Nas imagens mostradas pelo helic\u00f3ptero da&nbsp;Record TV&nbsp;\u00e9 poss\u00edvel ver que uma parte [&hellip;]<\/p>\n","protected":false},"author":8,"featured_media":4105,"comment_status":"closed","ping_status":"open","sticky":false,"template":"","format":"standard","meta":{"rop_custom_images_group":[],"rop_custom_messages_group":[],"rop_publish_now":"initial","rop_publish_now_accounts":[],"rop_publish_now_history":[],"rop_publish_now_status":"pending","footnotes":""},"categories":[195],"tags":[],"class_list":["post-4100","post","type-post","status-publish","format-standard","has-post-thumbnail","hentry","category-sao-paulo"],"amp_enabled":true,"_links":{"self":[{"href":"https:\/\/imais.online\/portal\/wp-json\/wp\/v2\/posts\/4100","targetHints":{"allow":["GET"]}}],"collection":[{"href":"https:\/\/imais.online\/portal\/wp-json\/wp\/v2\/posts"}],"about":[{"href":"https:\/\/imais.online\/portal\/wp-json\/wp\/v2\/types\/post"}],"author":[{"embeddable":true,"href":"https:\/\/imais.online\/portal\/wp-json\/wp\/v2\/users\/8"}],"replies":[{"embeddable":true,"href":"https:\/\/imais.online\/portal\/wp-json\/wp\/v2\/comments?post=4100"}],"version-history":[{"count":2,"href":"https:\/\/imais.online\/portal\/wp-json\/wp\/v2\/posts\/4100\/revisions"}],"predecessor-version":[{"id":4106,"href":"https:\/\/imais.online\/portal\/wp-json\/wp\/v2\/posts\/4100\/revisions\/4106"}],"wp:featuredmedia":[{"embeddable":true,"href":"https:\/\/imais.online\/portal\/wp-json\/wp\/v2\/media\/4105"}],"wp:attachment":[{"href":"https:\/\/imais.online\/portal\/wp-json\/wp\/v2\/media?parent=4100"}],"wp:term":[{"taxonomy":"category","embeddable":true,"href":"https:\/\/imais.online\/portal\/wp-json\/wp\/v2\/categories?post=4100"},{"taxonomy":"post_tag","embeddable":true,"href":"https:\/\/imais.online\/portal\/wp-json\/wp\/v2\/tags?post=4100"}],"curies":[{"name":"wp","href":"https:\/\/api.w.org\/{rel}","templated":true}]}}