{"id":4192,"date":"2022-02-07T08:42:24","date_gmt":"2022-02-07T11:42:24","guid":{"rendered":"https:\/\/imais.online\/portal\/?p=4192"},"modified":"2022-02-07T09:02:46","modified_gmt":"2022-02-07T12:02:46","slug":"campos-do-jordao-lanca-a-campanha-carnaval-no-ritmo-das-montanhas","status":"publish","type":"post","link":"https:\/\/imais.online\/portal\/campos-do-jordao-lanca-a-campanha-carnaval-no-ritmo-das-montanhas\/","title":{"rendered":"Campos do Jord\u00e3o lan\u00e7a a campanha \u201cCarnaval no ritmo das montanhas\u201d"},"content":{"rendered":"<div class=\"imais-before-content-placement\" id=\"imais-4250916445\"><script async src=\"\/\/pagead2.googlesyndication.com\/pagead\/js\/adsbygoogle.js?client=ca-pub-8787528412751566\" crossorigin=\"anonymous\"><\/script><ins class=\"adsbygoogle\" style=\"display:block;\" data-ad-client=\"ca-pub-8787528412751566\" \ndata-ad-slot=\"\" \ndata-ad-format=\"auto\"><\/ins>\n<script> \n(adsbygoogle = window.adsbygoogle || []).push({}); \n<\/script>\n<\/div>\n<p class=\"has-text-align-center\"><strong><em>Associa\u00e7\u00e3o Comercial de Campos (ACE) ressalta o gostoso clima do ver\u00e3o na Serra da Mantiqueira, incentivando os programas junto \u00e0 natureza; setores ligados ao turismo devem continuar cumprindo todas as normas de biosseguran\u00e7a.<\/em><\/strong><\/p>\n\n\n\n<p>Aproveitar para curtir programas junto \u00e0 natureza, com direito ao gostoso clima da Serra da Mantiqueira. Esse \u00e9 o mote da campanha \u201cCarnaval no ritmo das montanhas\u201d lan\u00e7ada pela Associa\u00e7\u00e3o Comercial e Empresarial de Campos do Jord\u00e3o (ACE), que ressalta os in\u00fameros atrativos de ver\u00e3o na cidade e a import\u00e2ncia do turismo com seguran\u00e7a.<\/p>\n\n\n\n<p>De acordo com o presidente da ACE, Guilherme Centofante, os comerciantes est\u00e3o otimistas em rela\u00e7\u00e3o ao feriado &#8212; entre 25 de fevereiro a 2 de mar\u00e7o. \u201cEstamos preparados, como sempre, para receber os visitantes com muito carinho. Vale ressaltar ainda que todos os setores ligados ao turismo foram orientados para que continuem cumprindo as normas de biosseguran\u00e7a em rela\u00e7\u00e3o \u00e0 pandemia, como o uso de m\u00e1scaras e higieniza\u00e7\u00e3o das m\u00e3os\u201d, enfatiza.<\/p>\n\n\n\n<p>Para o presidente, muita gente ainda associa Campos do Jord\u00e3o somente ao inverno. \u201cO ver\u00e3o aqui em Campos tamb\u00e9m \u00e9 sensacional, um clima gostoso que favorece os passeios nos in\u00fameros parques e locais ao ar livre. Al\u00e9m disso, temos uma rica gastronomia nacional e internacional e atrativos para todas as idades\u201d, afirma.<\/p>\n\n\n\n<figure class=\"wp-block-image size-full\"><img loading=\"lazy\" decoding=\"async\" width=\"800\" height=\"571\" src=\"https:\/\/imais.online\/portal\/wp-content\/uploads\/2022\/02\/1.jpg\" alt=\"\" class=\"wp-image-4193\" srcset=\"https:\/\/imais.online\/portal\/wp-content\/uploads\/2022\/02\/1.jpg 800w, https:\/\/imais.online\/portal\/wp-content\/uploads\/2022\/02\/1-300x214.jpg 300w, https:\/\/imais.online\/portal\/wp-content\/uploads\/2022\/02\/1-768x548.jpg 768w\" sizes=\"auto, (max-width: 800px) 100vw, 800px\" \/><figcaption>Tradicional passeio de bondinho pela cidade. Foto\/Divulga\u00e7\u00e3o: Lu\u00eds Felipe Rodrigues<\/figcaption><\/figure>\n\n\n\n<p>Centofante lembra que o setor de hospedagem j\u00e1 est\u00e1 trabalhando com pacotes de Carnaval. \u201cO ideal \u00e9 que os visitantes efetuem suas reservas nas pousadas e hot\u00e9is da cidade com anteced\u00eancia, podendo assim pesquisar melhor as op\u00e7\u00f5es e aproveitar os pacotes\u201d, diz ele.<\/p>\n\n\n\n<p><strong>BOAS PERSPECTIVAS &#8211;<\/strong> De acordo com diretor executivo da entidade, Renato Bicudo, a cidade est\u00e1 em ritmo de retomada do turismo. \u201cDesde o Natal, Campos voltou a receber um n\u00famero expressivo de visitantes, o que nos deixa bastante satisfeitos, j\u00e1 que turismo \u00e9 fundamental para a sobreviv\u00eancia da economia local\u201d, enfatiza ele.<\/p>\n\n\n\n<p>Assim, a cidade est\u00e1 preparada para a melhor folia nas montanhas: \u201cEsperamos todos para muita divers\u00e3o juntinho \u00e0 natureza, com muita seguran\u00e7a e cuidados com a sa\u00fade\u201d, finaliza Centofante.<\/p>\n\n\n\n<p><strong>PASSEIOS SUGERIDOS &#8212;<\/strong> A Associa\u00e7\u00e3o Comercial selecionou alguns passeios bacanas junto \u00e0 natureza para o per\u00edodo do Carnaval: Horto Florestal, Museu Fel\u00edcia Leirner, Parque da Lagoinha, Parque do Capivari, Zom Bike Parque, Roots Bike Parque, Prana Bike Park, Tarundu e Rancho Santo Ant\u00f4nio. Mais informa\u00e7\u00f5es pelos respectivos sites.<\/p>\n\n\n\n<figure class=\"wp-block-image size-full\"><img loading=\"lazy\" decoding=\"async\" width=\"800\" height=\"533\" src=\"https:\/\/imais.online\/portal\/wp-content\/uploads\/2022\/02\/2.jpg\" alt=\"\" class=\"wp-image-4194\" srcset=\"https:\/\/imais.online\/portal\/wp-content\/uploads\/2022\/02\/2.jpg 800w, https:\/\/imais.online\/portal\/wp-content\/uploads\/2022\/02\/2-300x200.jpg 300w, https:\/\/imais.online\/portal\/wp-content\/uploads\/2022\/02\/2-768x512.jpg 768w\" sizes=\"auto, (max-width: 800px) 100vw, 800px\" \/><figcaption>Caminho de hort\u00eansias no Horto Florestal Campos do Jord\u00e3o Foto\/Divulga\u00e7\u00e3o: Lu\u00eds Felipe Rodrigues<\/figcaption><\/figure>\n\n\n\n<p><br><br> <strong>SERVI\u00c7O &#8211;<\/strong> Acompanhe as atividades pelas redes sociais da Associa\u00e7\u00e3o Comercial de Campos do Jord\u00e3o: @acecamposdojordao (Insta) e ACE Campos do Jord\u00e3o (Face). Informa\u00e7\u00f5es pelo telefone: (12) <a href=\"https:\/\/releasespress.com\/link.php?code=bDpodHRwcyUzQSUyRiUyRnd3dy5nb29nbGUuY29tJTJGc2VhcmNoJTNGcSUzREFDRSUyQkNhbXBvcyUyQmRvJTJCSm9yZCUyNUMzJTI1QTNvJTI2b3ElM0RBQ0UlMkJDYW1wb3MlMkJkbyUyQkpvcmQlMjVDMyUyNUEzbyUyNmFxcyUzRGNocm9tZS4uNjlpNTdqNDZpMTc1aTE5OWk1MTJqNjlpNjBsMy44MDAwajBqMTUlMjZzb3VyY2VpZCUzRGNocm9tZSUyNmllJTNEVVRGLTg6Mzg2NTU4NTI3NDpjb250ZXVkb0BpbWFpcy5vbmxpbmU6YTgyNjJi\">3664-3925<\/a> ou na sede, \u00e0 Rua Maur\u00edlio Com\u00f3glio, n\u00famero 115, Abern\u00e9ssia.<br><\/p>\n","protected":false},"excerpt":{"rendered":"<p>Associa\u00e7\u00e3o Comercial de Campos (ACE) ressalta o gostoso clima do ver\u00e3o na Serra da Mantiqueira, incentivando os programas junto \u00e0 natureza; setores ligados ao turismo devem continuar cumprindo todas as normas de biosseguran\u00e7a. Aproveitar para curtir programas junto \u00e0 natureza, com direito ao gostoso clima da Serra da Mantiqueira. Esse \u00e9 o mote da campanha [&hellip;]<\/p>\n","protected":false},"author":6,"featured_media":4196,"comment_status":"closed","ping_status":"open","sticky":false,"template":"","format":"standard","meta":{"rop_custom_images_group":[],"rop_custom_messages_group":[],"rop_publish_now":"initial","rop_publish_now_accounts":[],"rop_publish_now_history":[],"rop_publish_now_status":"pending","footnotes":""},"categories":[209],"tags":[],"class_list":["post-4192","post","type-post","status-publish","format-standard","has-post-thumbnail","hentry","category-estilo"],"amp_enabled":true,"_links":{"self":[{"href":"https:\/\/imais.online\/portal\/wp-json\/wp\/v2\/posts\/4192","targetHints":{"allow":["GET"]}}],"collection":[{"href":"https:\/\/imais.online\/portal\/wp-json\/wp\/v2\/posts"}],"about":[{"href":"https:\/\/imais.online\/portal\/wp-json\/wp\/v2\/types\/post"}],"author":[{"embeddable":true,"href":"https:\/\/imais.online\/portal\/wp-json\/wp\/v2\/users\/6"}],"replies":[{"embeddable":true,"href":"https:\/\/imais.online\/portal\/wp-json\/wp\/v2\/comments?post=4192"}],"version-history":[{"count":2,"href":"https:\/\/imais.online\/portal\/wp-json\/wp\/v2\/posts\/4192\/revisions"}],"predecessor-version":[{"id":4198,"href":"https:\/\/imais.online\/portal\/wp-json\/wp\/v2\/posts\/4192\/revisions\/4198"}],"wp:featuredmedia":[{"embeddable":true,"href":"https:\/\/imais.online\/portal\/wp-json\/wp\/v2\/media\/4196"}],"wp:attachment":[{"href":"https:\/\/imais.online\/portal\/wp-json\/wp\/v2\/media?parent=4192"}],"wp:term":[{"taxonomy":"category","embeddable":true,"href":"https:\/\/imais.online\/portal\/wp-json\/wp\/v2\/categories?post=4192"},{"taxonomy":"post_tag","embeddable":true,"href":"https:\/\/imais.online\/portal\/wp-json\/wp\/v2\/tags?post=4192"}],"curies":[{"name":"wp","href":"https:\/\/api.w.org\/{rel}","templated":true}]}}