{"id":4281,"date":"2022-02-14T09:38:14","date_gmt":"2022-02-14T12:38:14","guid":{"rendered":"https:\/\/imais.online\/portal\/?p=4281"},"modified":"2022-02-14T09:38:16","modified_gmt":"2022-02-14T12:38:16","slug":"exposicao-retratos-da-terra-chega-a-indaiatuba-com-fotos-de-jovens-da-cidade-e-fotografos-convidados","status":"publish","type":"post","link":"https:\/\/imais.online\/portal\/exposicao-retratos-da-terra-chega-a-indaiatuba-com-fotos-de-jovens-da-cidade-e-fotografos-convidados\/","title":{"rendered":"Exposi\u00e7\u00e3o \u201cRetratos da Terra\u201d chega a Indaiatuba com fotos de jovens da cidade e fot\u00f3grafos convidados"},"content":{"rendered":"<div class=\"imais-before-content-placement\" id=\"imais-388820432\"><script async src=\"\/\/pagead2.googlesyndication.com\/pagead\/js\/adsbygoogle.js?client=ca-pub-8787528412751566\" crossorigin=\"anonymous\"><\/script><ins class=\"adsbygoogle\" style=\"display:block;\" data-ad-client=\"ca-pub-8787528412751566\" \ndata-ad-slot=\"\" \ndata-ad-format=\"auto\"><\/ins>\n<script> \n(adsbygoogle = window.adsbygoogle || []).push({}); \n<\/script>\n<\/div>\n<p class=\"has-text-align-center\"><em>Em cartaz no Polo Shopping Indaiatuba a partir desse dia 15, exposi\u00e7\u00e3o traz vis\u00e3o da juventude, de fot\u00f3grafo local e de Karina Bacci, do Museu de Arte Moderna (MAM-SP) sobre quest\u00f5es de sustentabilidade, reciclagem e aterro zero<\/em><\/p>\n\n\n\n<p>Come\u00e7aneste dia 15, a exposi\u00e7\u00e3o <strong>\u201cRetratos da Terra&#8221; <\/strong>no <strong>Polo Shopping Indaiatuba.<\/strong> Gratuita, a mostra faz parte de um projeto hom\u00f4nimo, realizado na cidade no final de 2021, trazendo olhares diferentes: fot\u00f3grafo local, 20 jovens das institui\u00e7\u00f5es Senai e UniDown, e de uma fot\u00f3grafa artista de fora da cidade. Realizada pela <strong>Elo3, <\/strong>ecom patroc\u00ednio da <strong>BASF<\/strong> por meio da Lei Federal de Incentivo \u00e0 Cultura, a mostra fica em cartaz at\u00e9 dia 14 de mar\u00e7o.<\/p>\n\n\n\n<p>Com curadoria de <strong>Karina Bacci<\/strong>, fot\u00f3grafa e professora do Museu de Arte Moderna (MAM-SP), o cat\u00e1logo da exposi\u00e7\u00e3o re\u00fane imagens feitas por jovens moradores da cidade, pelo fot\u00f3grafo local Andr\u00e9 Akio Shinozuka, que &#8211; inclusive &#8211; registrou uma usina de reciclagem em Indaiatuba, al\u00e9m de fotos realizadas por Bacci em sua viv\u00eancia na cidade.&nbsp;<\/p>\n\n\n\n<p>\u201cO nosso prop\u00f3sito \u00e9 mostrar as diversas perspectivas sobre um territ\u00f3rio, uma comunidade\u201d, conta <strong>Karina Bacci<\/strong>. \u201cEm <strong>\u201cRetratos da Terra\u201d<\/strong>, o encontro de vis\u00e3o do Andr\u00e9, dos jovens e a minha &#8211; que sou um agente de fora -, por serem t\u00e3o plurais, potencializa as possibilidades de reflex\u00e3o sobre sustentabilidade na cidade de Indaiatuba\u201d.\u00a0<\/p>\n\n\n\n<p>Durante uma semana, 20 jovens participaram de oficina presencial e receberam uma forma\u00e7\u00e3o t\u00e9cnica sobre fotografia ministrada pela pr\u00f3pria Karina Bacci e por Andr\u00e9 Shinozuka. Neste per\u00edodo, eles sa\u00edram para fotografar e registrar a cidade de Indaiatuba e as suas pr\u00e1ticas sustent\u00e1veis. <strong>Sustentabilidade, reciclagem e aterro zero<\/strong> foram temas explorados pelos jovens em suas experi\u00eancias, fazendo-os refletir sobre os desafios para o seu territ\u00f3rio e sobre suas percep\u00e7\u00f5es.<\/p>\n\n\n\n<p>Al\u00e9m do aprendizado t\u00e9cnico, foram feitas discuss\u00f5es sobre os aspectos art\u00edsticos e de documenta\u00e7\u00e3o da fotografia com os alunos. A partir desse processo, o material passou por uma curadoria e o resultado pode ser conferido na exposi\u00e7\u00e3o <strong>\u201cRetratos da Terra\u201d<\/strong>.<\/p>\n\n\n\n<p>Segundo <strong>Fernanda Del Guerra<\/strong>, diretora da <strong>Elo3<\/strong>, idealizadora e realizadora do evento, \u201ca exposi\u00e7\u00e3o \u201cRetratos da Terra\u201d tem como objetivo estimular os jovens a serem cidad\u00e3os protagonistas em seus territ\u00f3rios. Para isso, \u00e9 importante conhecer,&nbsp; explorar e registrar sua comunidade, e ter isso sob uma perspectiva de construir locais mais sustent\u00e1veis \u00e9 uma forma de apurar melhor ainda esses olhares\u201d.<\/p>\n\n\n\n<p>Ao t\u00e9rmino de<strong> \u201cRetratos da Terra\u201d<\/strong>, haver\u00e1, ainda, a doa\u00e7\u00e3o das c\u00e2meras fotogr\u00e1ficas usadas para o Senai e sorteio de equipamentos entre os jovens participantes do projeto.<\/p>\n\n\n\n<p>Al\u00e9m de Indaiatuba,a exposi\u00e7\u00e3oestar\u00e1 em cartaz em outras cidades do Brasil, estimulando a juventude desses locais a desenvolver seu potencial art\u00edstico e profissional a partir da viv\u00eancia fotogr\u00e1fica .<\/p>\n\n\n\n<p><strong>Servi\u00e7o \u201cRetratos da Terra\u201d&nbsp;<\/strong><\/p>\n\n\n\n<p><strong>Tema: <\/strong>\u201cAterro Zero\u201d<\/p>\n\n\n\n<p><strong>Curadoria:<\/strong> Karina Bacci<\/p>\n\n\n\n<p><strong>Local e Datas:\u00a0<\/strong><\/p>\n\n\n\n<p>Polo Shopping Indaiatuba<\/p>\n\n\n\n<p>Alameda Filtros Mann, 670 &#8211; Jardim Tropical, Indaiatuba &#8211; SP, 13344-580<\/p>\n\n\n\n<p>De 15.02 a 14.03&nbsp;<\/p>\n\n\n\n<p><\/p>\n","protected":false},"excerpt":{"rendered":"<p>Em cartaz no Polo Shopping Indaiatuba a partir desse dia 15, exposi\u00e7\u00e3o traz vis\u00e3o da juventude, de fot\u00f3grafo local e de Karina Bacci, do Museu de Arte Moderna (MAM-SP) sobre quest\u00f5es de sustentabilidade, reciclagem e aterro zero Come\u00e7aneste dia 15, a exposi\u00e7\u00e3o \u201cRetratos da Terra&#8221; no Polo Shopping Indaiatuba. Gratuita, a mostra faz parte de [&hellip;]<\/p>\n","protected":false},"author":7,"featured_media":4282,"comment_status":"closed","ping_status":"open","sticky":false,"template":"","format":"standard","meta":{"rop_custom_images_group":[],"rop_custom_messages_group":[],"rop_publish_now":"initial","rop_publish_now_accounts":[],"rop_publish_now_history":[],"rop_publish_now_status":"pending","footnotes":""},"categories":[200],"tags":[],"class_list":["post-4281","post","type-post","status-publish","format-standard","has-post-thumbnail","hentry","category-cultura"],"amp_enabled":true,"_links":{"self":[{"href":"https:\/\/imais.online\/portal\/wp-json\/wp\/v2\/posts\/4281","targetHints":{"allow":["GET"]}}],"collection":[{"href":"https:\/\/imais.online\/portal\/wp-json\/wp\/v2\/posts"}],"about":[{"href":"https:\/\/imais.online\/portal\/wp-json\/wp\/v2\/types\/post"}],"author":[{"embeddable":true,"href":"https:\/\/imais.online\/portal\/wp-json\/wp\/v2\/users\/7"}],"replies":[{"embeddable":true,"href":"https:\/\/imais.online\/portal\/wp-json\/wp\/v2\/comments?post=4281"}],"version-history":[{"count":1,"href":"https:\/\/imais.online\/portal\/wp-json\/wp\/v2\/posts\/4281\/revisions"}],"predecessor-version":[{"id":4283,"href":"https:\/\/imais.online\/portal\/wp-json\/wp\/v2\/posts\/4281\/revisions\/4283"}],"wp:featuredmedia":[{"embeddable":true,"href":"https:\/\/imais.online\/portal\/wp-json\/wp\/v2\/media\/4282"}],"wp:attachment":[{"href":"https:\/\/imais.online\/portal\/wp-json\/wp\/v2\/media?parent=4281"}],"wp:term":[{"taxonomy":"category","embeddable":true,"href":"https:\/\/imais.online\/portal\/wp-json\/wp\/v2\/categories?post=4281"},{"taxonomy":"post_tag","embeddable":true,"href":"https:\/\/imais.online\/portal\/wp-json\/wp\/v2\/tags?post=4281"}],"curies":[{"name":"wp","href":"https:\/\/api.w.org\/{rel}","templated":true}]}}