{"id":4340,"date":"2022-02-19T08:44:32","date_gmt":"2022-02-19T11:44:32","guid":{"rendered":"https:\/\/imais.online\/portal\/?p=4340"},"modified":"2022-02-19T08:44:33","modified_gmt":"2022-02-19T11:44:33","slug":"sp-inicia-mutirao-de-vacinacao-em-escolas-publicas-e-privadas","status":"publish","type":"post","link":"https:\/\/imais.online\/portal\/sp-inicia-mutirao-de-vacinacao-em-escolas-publicas-e-privadas\/","title":{"rendered":"SP inicia mutir\u00e3o de vacina\u00e7\u00e3o em escolas p\u00fablicas e privadas"},"content":{"rendered":"<div class=\"imais-before-content-placement\" id=\"imais-229560561\"><script async src=\"\/\/pagead2.googlesyndication.com\/pagead\/js\/adsbygoogle.js?client=ca-pub-8787528412751566\" crossorigin=\"anonymous\"><\/script><ins class=\"adsbygoogle\" style=\"display:block;\" data-ad-client=\"ca-pub-8787528412751566\" \ndata-ad-slot=\"\" \ndata-ad-format=\"auto\"><\/ins>\n<script> \n(adsbygoogle = window.adsbygoogle || []).push({}); \n<\/script>\n<\/div>\n<p class=\"has-text-align-center\">Iniciativa busca aumentar a imuniza\u00e7\u00e3o de crian\u00e7as de 5 a 11 anos<\/p>\n\n\n\n<p>O governo do estado de S\u00e3o Paulo inicia&nbsp;hoje&nbsp;(19) um mutir\u00e3o de vacina\u00e7\u00e3o contra a covid-19 em escolas estaduais, municipais e particulares no estado. A iniciativa, chamada de Semana E, ocorre at\u00e9 a pr\u00f3xima&nbsp;sexta-feira (25) e tem como objetivo aumentar a cobertura vacinal de crian\u00e7as de 5 a 11 anos.&nbsp;<img decoding=\"async\" src=\"https:\/\/agenciabrasil.ebc.com.br\/ebc.png?id=1443291&amp;o=node\"><img decoding=\"async\" src=\"https:\/\/agenciabrasil.ebc.com.br\/ebc.gif?id=1443291&amp;o=node\"><\/p>\n\n\n\n<p>Os estudantes s\u00f3 poder\u00e3o ser vacinados mediante autoriza\u00e7\u00e3o dos pais ou respons\u00e1veis. No entanto, a presen\u00e7a dos pais n\u00e3o \u00e9 obrigat\u00f3ria, bastando somente um documento de concord\u00e2ncia com a imuniza\u00e7\u00e3o contra a covid-19. O termo j\u00e1 foi disponibilizado e poder\u00e1 ser retirado pelos pais e respons\u00e1veis nas escolas que aderirem \u00e0 iniciativa.<\/p>\n\n\n\n<p>\u201cAs escolas sempre foram grandes aliadas da vacina\u00e7\u00e3o e mais uma vez ser\u00e3o um diferencial para alcan\u00e7armos a nossa meta de vacina\u00e7\u00e3o. Esperamos que um n\u00famero grande de munic\u00edpios possam aderir \u00e0 iniciativa para a prote\u00e7\u00e3o das nossas crian\u00e7as\u201d, destacou Regiane de Paula, Coordenadora do Plano Estadual de Imuniza\u00e7\u00e3o (PEI).<\/p>\n\n\n\n<p>Segundo a Secretaria Estadual da Sa\u00fade, os pais devem se informar pelos canais de comunica\u00e7\u00e3o das prefeituras, respons\u00e1veis pela estrat\u00e9gia local de vacina\u00e7\u00e3o, para saber quais escolas ir\u00e3o participar da Semana E.<\/p>\n\n\n\n<p>S\u00e3o Paulo tem atualmente 60% da popula\u00e7\u00e3o infantil vacinada com a primeira dose, totalizando 2,4 milh\u00f5es de doses aplicadas, segundo dados do&nbsp;<a href=\"https:\/\/vacinaja.sp.gov.br\/vacinometro\/\" target=\"_blank\" rel=\"noreferrer noopener\">Vacin\u00f4metro<\/a>.&nbsp;<\/p>\n","protected":false},"excerpt":{"rendered":"<p>Iniciativa busca aumentar a imuniza\u00e7\u00e3o de crian\u00e7as de 5 a 11 anos O governo do estado de S\u00e3o Paulo inicia&nbsp;hoje&nbsp;(19) um mutir\u00e3o de vacina\u00e7\u00e3o contra a covid-19 em escolas estaduais, municipais e particulares no estado. A iniciativa, chamada de Semana E, ocorre at\u00e9 a pr\u00f3xima&nbsp;sexta-feira (25) e tem como objetivo aumentar a cobertura vacinal de [&hellip;]<\/p>\n","protected":false},"author":7,"featured_media":4341,"comment_status":"closed","ping_status":"open","sticky":false,"template":"","format":"standard","meta":{"rop_custom_images_group":[],"rop_custom_messages_group":[],"rop_publish_now":"initial","rop_publish_now_accounts":[],"rop_publish_now_history":[],"rop_publish_now_status":"pending","footnotes":""},"categories":[195],"tags":[73],"class_list":["post-4340","post","type-post","status-publish","format-standard","has-post-thumbnail","hentry","category-sao-paulo","tag-featured"],"amp_enabled":true,"_links":{"self":[{"href":"https:\/\/imais.online\/portal\/wp-json\/wp\/v2\/posts\/4340","targetHints":{"allow":["GET"]}}],"collection":[{"href":"https:\/\/imais.online\/portal\/wp-json\/wp\/v2\/posts"}],"about":[{"href":"https:\/\/imais.online\/portal\/wp-json\/wp\/v2\/types\/post"}],"author":[{"embeddable":true,"href":"https:\/\/imais.online\/portal\/wp-json\/wp\/v2\/users\/7"}],"replies":[{"embeddable":true,"href":"https:\/\/imais.online\/portal\/wp-json\/wp\/v2\/comments?post=4340"}],"version-history":[{"count":1,"href":"https:\/\/imais.online\/portal\/wp-json\/wp\/v2\/posts\/4340\/revisions"}],"predecessor-version":[{"id":4342,"href":"https:\/\/imais.online\/portal\/wp-json\/wp\/v2\/posts\/4340\/revisions\/4342"}],"wp:featuredmedia":[{"embeddable":true,"href":"https:\/\/imais.online\/portal\/wp-json\/wp\/v2\/media\/4341"}],"wp:attachment":[{"href":"https:\/\/imais.online\/portal\/wp-json\/wp\/v2\/media?parent=4340"}],"wp:term":[{"taxonomy":"category","embeddable":true,"href":"https:\/\/imais.online\/portal\/wp-json\/wp\/v2\/categories?post=4340"},{"taxonomy":"post_tag","embeddable":true,"href":"https:\/\/imais.online\/portal\/wp-json\/wp\/v2\/tags?post=4340"}],"curies":[{"name":"wp","href":"https:\/\/api.w.org\/{rel}","templated":true}]}}