{"id":4368,"date":"2022-02-21T16:01:57","date_gmt":"2022-02-21T19:01:57","guid":{"rendered":"https:\/\/imais.online\/portal\/?p=4368"},"modified":"2022-02-21T16:09:40","modified_gmt":"2022-02-21T19:09:40","slug":"carla-zambelli-e-danilo-balas-denunciam-governo-doria-por-possiveis-crimes-relacionados-a-enchentes-em-sao-paulo","status":"publish","type":"post","link":"https:\/\/imais.online\/portal\/carla-zambelli-e-danilo-balas-denunciam-governo-doria-por-possiveis-crimes-relacionados-a-enchentes-em-sao-paulo\/","title":{"rendered":"Carla Zambelli e Danilo Balas denunciam Governo Doria por poss\u00edveis crimes relacionados a enchentes em S\u00e3o Paulo"},"content":{"rendered":"<div class=\"imais-before-content-placement\" id=\"imais-198994119\"><script async src=\"\/\/pagead2.googlesyndication.com\/pagead\/js\/adsbygoogle.js?client=ca-pub-8787528412751566\" crossorigin=\"anonymous\"><\/script><ins class=\"adsbygoogle\" style=\"display:block;\" data-ad-client=\"ca-pub-8787528412751566\" \ndata-ad-slot=\"\" \ndata-ad-format=\"auto\"><\/ins>\n<script> \n(adsbygoogle = window.adsbygoogle || []).push({}); \n<\/script>\n<\/div>\n<p>A deputada federal Carla Zambelli e o deputado estadual Danilo Balas, ambos de S\u00e3o Paulo, entraram com representa\u00e7\u00e3o na Procuradoria-Geral de Justi\u00e7a de SP para apurar poss\u00edveis crimes contra a administra\u00e7\u00e3o p\u00fablica e improbidade cometidos pelo Governo do Estado em rela\u00e7\u00e3o aos desmoronamentos, soterramentos, desabamentos e at\u00e9 mortes, durante o per\u00edodo de chuvas ocorrido em janeiro deste ano.<\/p>\n\n\n\n<p>Os parlamentares pontuam que a verba utilizada pela administra\u00e7\u00e3o Doria para evitar e combater enchentes, desde 2019, est\u00e1 bem abaixo do or\u00e7amento aprovado pela Assembleia Legislativa estadual, conforme levantamento apontado pelo site G1.<\/p>\n\n\n\n<p>Em 2019, o Governo utilizou R\uff04301.387.464,96 dos R\uff04759.954.582,00 dispon\u00edveis. Em 2020, R\uff04584.921.024,49 do R\uff041.163.062.862 e, no ano passado, R\uff04958.160.178,01 de R\uff041.110.664.596. Os gastos representam apenas cerca de 50% do valor aprovado pela ALESP.<\/p>\n\n\n\n<p>Zambelli e Balas afirmam que \u201ca baixa execu\u00e7\u00e3o or\u00e7ament\u00e1ria aparentemente n\u00e3o est\u00e1 em conson\u00e2ncia com os princ\u00edpios da efici\u00eancia, da razoabilidade e da moralidade, ultrapassando os limites da discricionariedade e deixando evidentes ind\u00edcios de poss\u00edvel malversa\u00e7\u00e3o de verbas p\u00fablicas\u201d destacam que a representa\u00e7\u00e3o ao Minist\u00e9rio P\u00fablico \u00e9 em nome da \u201cseguran\u00e7a social, ambiental, da infraestrutura\u201d e \u201cem busca da prote\u00e7\u00e3o do bem maior: a vida\u201d.<\/p>\n\n\n\n<p>As enchentes provocaram 34 \u00f3bitos, e deixaram cerca de 1.550 fam\u00edlias desabrigadas ou desalojadas, al\u00e9m da ocorr\u00eancia de alagamentos, queda de \u00e1rvores, de muros e deslizamentos de terra.<\/p>\n\n\n\n<p><strong>Contratos questionados<\/strong><\/p>\n\n\n\n<p>Os parlamentares registram ainda d\u00favida em rela\u00e7\u00e3o aos contratos realizados devido ao desabamento no trecho da obra da Linha 6 &#8212; Laranja do Metr\u00f4 de S\u00e3o Paulo.<\/p>\n\n\n\n<p>De acordo com eles, as causas \u201cpodem ou n\u00e3o estar relacionadas \u00e0 quest\u00e3o das enchentes, o que tamb\u00e9m necessita de imperiosa averigua\u00e7\u00e3o; e ainda, diante das imprecis\u00f5es a respeito da pr\u00f3pria empresa contratada\u201d, e citam como fonte a apura\u00e7\u00e3o do site Brasil Sem Medo em mat\u00e9ria publicada em 1\u00ba de fevereiro com o t\u00edtulo \u201cEmpresa respons\u00e1vel por obra do metr\u00f4 de SP j\u00e1 teve contratos investigados pela Lava Jato\u201d.<\/p>\n","protected":false},"excerpt":{"rendered":"<p>A deputada federal Carla Zambelli e o deputado estadual Danilo Balas, ambos de S\u00e3o Paulo, entraram com representa\u00e7\u00e3o na Procuradoria-Geral de Justi\u00e7a de SP para apurar poss\u00edveis crimes contra a administra\u00e7\u00e3o p\u00fablica e improbidade cometidos pelo Governo do Estado em rela\u00e7\u00e3o aos desmoronamentos, soterramentos, desabamentos e at\u00e9 mortes, durante o per\u00edodo de chuvas ocorrido em [&hellip;]<\/p>\n","protected":false},"author":7,"featured_media":4369,"comment_status":"closed","ping_status":"open","sticky":false,"template":"","format":"standard","meta":{"rop_custom_images_group":[],"rop_custom_messages_group":[],"rop_publish_now":"initial","rop_publish_now_accounts":[],"rop_publish_now_history":[],"rop_publish_now_status":"pending","footnotes":""},"categories":[195],"tags":[],"class_list":["post-4368","post","type-post","status-publish","format-standard","has-post-thumbnail","hentry","category-sao-paulo"],"amp_enabled":true,"_links":{"self":[{"href":"https:\/\/imais.online\/portal\/wp-json\/wp\/v2\/posts\/4368","targetHints":{"allow":["GET"]}}],"collection":[{"href":"https:\/\/imais.online\/portal\/wp-json\/wp\/v2\/posts"}],"about":[{"href":"https:\/\/imais.online\/portal\/wp-json\/wp\/v2\/types\/post"}],"author":[{"embeddable":true,"href":"https:\/\/imais.online\/portal\/wp-json\/wp\/v2\/users\/7"}],"replies":[{"embeddable":true,"href":"https:\/\/imais.online\/portal\/wp-json\/wp\/v2\/comments?post=4368"}],"version-history":[{"count":1,"href":"https:\/\/imais.online\/portal\/wp-json\/wp\/v2\/posts\/4368\/revisions"}],"predecessor-version":[{"id":4370,"href":"https:\/\/imais.online\/portal\/wp-json\/wp\/v2\/posts\/4368\/revisions\/4370"}],"wp:featuredmedia":[{"embeddable":true,"href":"https:\/\/imais.online\/portal\/wp-json\/wp\/v2\/media\/4369"}],"wp:attachment":[{"href":"https:\/\/imais.online\/portal\/wp-json\/wp\/v2\/media?parent=4368"}],"wp:term":[{"taxonomy":"category","embeddable":true,"href":"https:\/\/imais.online\/portal\/wp-json\/wp\/v2\/categories?post=4368"},{"taxonomy":"post_tag","embeddable":true,"href":"https:\/\/imais.online\/portal\/wp-json\/wp\/v2\/tags?post=4368"}],"curies":[{"name":"wp","href":"https:\/\/api.w.org\/{rel}","templated":true}]}}