{"id":4380,"date":"2022-02-22T11:09:38","date_gmt":"2022-02-22T14:09:38","guid":{"rendered":"https:\/\/imais.online\/portal\/?p=4380"},"modified":"2022-02-22T11:09:46","modified_gmt":"2022-02-22T14:09:46","slug":"fgv-confianca-do-consumidor-atinge-maior-nivel-desde-agosto","status":"publish","type":"post","link":"https:\/\/imais.online\/portal\/fgv-confianca-do-consumidor-atinge-maior-nivel-desde-agosto\/","title":{"rendered":"FGV: confian\u00e7a do consumidor atinge maior n\u00edvel desde agosto"},"content":{"rendered":"<div class=\"imais-before-content-placement\" id=\"imais-1013635206\"><script async src=\"\/\/pagead2.googlesyndication.com\/pagead\/js\/adsbygoogle.js?client=ca-pub-8787528412751566\" crossorigin=\"anonymous\"><\/script><ins class=\"adsbygoogle\" style=\"display:block;\" data-ad-client=\"ca-pub-8787528412751566\" \ndata-ad-slot=\"\" \ndata-ad-format=\"auto\"><\/ins>\n<script> \n(adsbygoogle = window.adsbygoogle || []).push({}); \n<\/script>\n<\/div>\n<p class=\"has-text-align-center\">Alta foi puxada pela taxa que mede confian\u00e7a em rela\u00e7\u00e3o ao futuro<\/p>\n\n\n\n<p>O&nbsp;\u00cdndice de Confian\u00e7a do Consumidor (ICC),&nbsp;medido pela Funda\u00e7\u00e3o Getulio Vargas (FGV), cresceu 2,9 pontos na passagem&nbsp;de janeiro&nbsp;para fevereiro deste ano. Com o resultado, o indicador chegou a 77 pontos em uma escala de zero a 200 pontos, o maior n\u00edvel desde agosto do ano passado.<img decoding=\"async\" src=\"https:\/\/agenciabrasil.ebc.com.br\/ebc.png?id=1443845&amp;o=node\"><img decoding=\"async\" src=\"https:\/\/agenciabrasil.ebc.com.br\/ebc.gif?id=1443845&amp;o=node\"><\/p>\n\n\n\n<p>A alta da taxa foi puxada, principalmente, pelo \u00cdndice de Expectativas, que mede a confian\u00e7a dos consumidores em rela\u00e7\u00e3o ao futuro e que subiu 3,8 pontos. Com isso, o sub\u00edndice chegou a 84,5 pontos, principalmente devido ao bom desempenho do componente inten\u00e7\u00e3o de compras de bens dur\u00e1veis pr\u00f3ximos meses.<\/p>\n\n\n\n<p>O \u00cdndice da Situa\u00e7\u00e3o Atual, que mede a confian\u00e7a no presente, tamb\u00e9m subiu (1,5 ponto) e chegou a 67,6 pontos. Apesar da alta, este sub\u00edndice ainda est\u00e1 em patamar muito baixo em termos hist\u00f3ricos.<\/p>\n\n\n\n<p>\u201cO resultado positivo pode&nbsp;ter&nbsp;sido influenciado pelo Aux\u00edlio Brasil nas faixas de renda mais baixas, perspectivas mais favor\u00e1veis sobre o mercado de trabalho e situa\u00e7\u00e3o econ\u00f4mica que voltaram a ficar mais otimistas, com indicadores superando o n\u00edvel neutro de 100 pontos. Mas \u00e9 preciso&nbsp;ter&nbsp;cautela, o n\u00edvel ainda \u00e9 muito baixo em termos hist\u00f3ricos e o comportamento vol\u00e1til dos consumidores nos \u00faltimos meses mostram que a incerteza elevada tem afetado bastante a manuten\u00e7\u00e3o de uma tend\u00eancia mais clara da confian\u00e7a no curto prazo\u201d, explica&nbsp;a pesquisadora Viviane Seda Bittencourt, em nota divulgada pela FGV.<\/p>\n","protected":false},"excerpt":{"rendered":"<p>Alta foi puxada pela taxa que mede confian\u00e7a em rela\u00e7\u00e3o ao futuro O&nbsp;\u00cdndice de Confian\u00e7a do Consumidor (ICC),&nbsp;medido pela Funda\u00e7\u00e3o Getulio Vargas (FGV), cresceu 2,9 pontos na passagem&nbsp;de janeiro&nbsp;para fevereiro deste ano. Com o resultado, o indicador chegou a 77 pontos em uma escala de zero a 200 pontos, o maior n\u00edvel desde agosto do [&hellip;]<\/p>\n","protected":false},"author":7,"featured_media":4381,"comment_status":"closed","ping_status":"open","sticky":false,"template":"","format":"standard","meta":{"rop_custom_images_group":[],"rop_custom_messages_group":[],"rop_publish_now":"initial","rop_publish_now_accounts":[],"rop_publish_now_history":[],"rop_publish_now_status":"pending","footnotes":""},"categories":[189,192],"tags":[],"class_list":["post-4380","post","type-post","status-publish","format-standard","has-post-thumbnail","hentry","category-brasil","category-economia"],"amp_enabled":true,"_links":{"self":[{"href":"https:\/\/imais.online\/portal\/wp-json\/wp\/v2\/posts\/4380","targetHints":{"allow":["GET"]}}],"collection":[{"href":"https:\/\/imais.online\/portal\/wp-json\/wp\/v2\/posts"}],"about":[{"href":"https:\/\/imais.online\/portal\/wp-json\/wp\/v2\/types\/post"}],"author":[{"embeddable":true,"href":"https:\/\/imais.online\/portal\/wp-json\/wp\/v2\/users\/7"}],"replies":[{"embeddable":true,"href":"https:\/\/imais.online\/portal\/wp-json\/wp\/v2\/comments?post=4380"}],"version-history":[{"count":1,"href":"https:\/\/imais.online\/portal\/wp-json\/wp\/v2\/posts\/4380\/revisions"}],"predecessor-version":[{"id":4382,"href":"https:\/\/imais.online\/portal\/wp-json\/wp\/v2\/posts\/4380\/revisions\/4382"}],"wp:featuredmedia":[{"embeddable":true,"href":"https:\/\/imais.online\/portal\/wp-json\/wp\/v2\/media\/4381"}],"wp:attachment":[{"href":"https:\/\/imais.online\/portal\/wp-json\/wp\/v2\/media?parent=4380"}],"wp:term":[{"taxonomy":"category","embeddable":true,"href":"https:\/\/imais.online\/portal\/wp-json\/wp\/v2\/categories?post=4380"},{"taxonomy":"post_tag","embeddable":true,"href":"https:\/\/imais.online\/portal\/wp-json\/wp\/v2\/tags?post=4380"}],"curies":[{"name":"wp","href":"https:\/\/api.w.org\/{rel}","templated":true}]}}