{"id":4389,"date":"2022-02-22T15:33:03","date_gmt":"2022-02-22T18:33:03","guid":{"rendered":"https:\/\/imais.online\/portal\/?p=4389"},"modified":"2022-02-22T15:34:10","modified_gmt":"2022-02-22T18:34:10","slug":"governo-avalia-reduzir-imposto-para-estimular-industria-diz-ministro","status":"publish","type":"post","link":"https:\/\/imais.online\/portal\/governo-avalia-reduzir-imposto-para-estimular-industria-diz-ministro\/","title":{"rendered":"Governo avalia reduzir imposto para estimular ind\u00fastria, diz ministro"},"content":{"rendered":"<div class=\"imais-before-content-placement\" id=\"imais-3119682786\"><script async src=\"\/\/pagead2.googlesyndication.com\/pagead\/js\/adsbygoogle.js?client=ca-pub-8787528412751566\" crossorigin=\"anonymous\"><\/script><ins class=\"adsbygoogle\" style=\"display:block;\" data-ad-client=\"ca-pub-8787528412751566\" \ndata-ad-slot=\"\" \ndata-ad-format=\"auto\"><\/ins>\n<script> \n(adsbygoogle = window.adsbygoogle || []).push({}); \n<\/script>\n<\/div>\n<p class=\"has-text-align-center\">Meta \u00e9 incentivar a atividade econ\u00f4mica reduzindo custos<\/p>\n\n\n\n<p>O governo federal estuda reduzir em at\u00e9 25% a al\u00edquota do Imposto sobre Produtos Industrializados (IPI), tributo federal que incide sobre os artigos industrializados, nacionais ou importados, \u00e0 venda no pa\u00eds.<img decoding=\"async\" src=\"https:\/\/agenciabrasil.ebc.com.br\/ebc.png?id=1443875&amp;o=node\"><img decoding=\"async\" src=\"https:\/\/agenciabrasil.ebc.com.br\/ebc.gif?id=1443875&amp;o=node\"><\/p>\n\n\n\n<p>Segundo o ministro da Economia, Paulo Guedes, a inten\u00e7\u00e3o \u00e9 estimular a atividade econ\u00f4mica, diminuindo custos que o setor produtivo acaba por repassar ao consumidor final.<\/p>\n\n\n\n<p>\u201cVamos reindustrializar o pa\u00eds\u201d, afirmou Guedes ao participar, hoje (22), em S\u00e3o Paulo, de evento promovido pelo banco BTG Pactual. \u201cEstamos preparando um movimento com o apoio do presidente da C\u00e2mara [o deputado Arthur Lira (PP-AL)]; do ministro da Casa Civil [Ciro Nogueira] e, principalmente, do presidente da Rep\u00fablica [Jair Bolsonaro]\u201d, acrescentou o ministro ao voltar a defender a import\u00e2ncia de uma redu\u00e7\u00e3o dos impostos cobrados no Brasil.<\/p>\n\n\n\n<p>\u201cVeja que a agricultura est\u00e1 voando porque ela n\u00e3o tem o imposto sobre produto agr\u00edcola, o IPA. Agora, a ind\u00fastria brasileira est\u00e1 sofrendo, nas \u00faltimas tr\u00eas, quatro d\u00e9cadas, impostos altos, juros altos e encargos trabalhistas excessivos. Temos que atacar essas tr\u00eas quest\u00f5es, e vamos fazer um primeiro movimento agora, reduzindo 25% do IPI. \u00c9 um movimento de reindustrializa\u00e7\u00e3o do Brasil&#8221;, declarou.<\/p>\n\n\n\n<p>\u201cJ\u00e1 que a arrecada\u00e7\u00e3o [com impostos] subiu fortemente, temos esses recursos que \u00edamos investir na Reforma Tribut\u00e1ria que empacou no Senado, o [Poder] Executivo pode dizer que o excesso de arrecada\u00e7\u00e3o n\u00e3o \u00e9 para inchar a m\u00e1quina [p\u00fablica] de novo e que preferimos transferir este ganho de arrecada\u00e7\u00e3o na forma de redu\u00e7\u00e3o de impostos para milh\u00f5es de brasileiros, para todo mundo\u201d, justificou o ministro, garantindo que a medida vai ser encaminhada junto com outras propostas do governo.<\/p>\n\n\n\n<h2 class=\"wp-block-heading\">FGTS<\/h2>\n\n\n\n<p>Ainda durante o evento, Guedes voltou a defender a possibilidade de trabalhadores endividados sacarem parte dos seus recursos do Fundo de Garantia por Tempo de Servi\u00e7o (FGTS) para saldar&nbsp; compromissos. Segundo o ministro, a medida \u00e9 uma das que o governo pode propor \u201cdaqui at\u00e9 o fim do ano para ajudar a economia a crescer\u201d.<\/p>\n\n\n\n<p>\u201cPodemos mobilizar recursos do FGTS porque s\u00e3o fundos privados; pessoas que t\u00eam recursos l\u00e1 e que est\u00e3o passando dificuldades. \u00c0s vezes, o cara est\u00e1 devendo dinheiro no banco e \u00e9 credor no fundo, mas n\u00e3o pode sacar [o dinheiro] e liquidar sua d\u00edvida\u201d, explicou.<\/p>\n\n\n\n<h2 class=\"wp-block-heading\">Privatiza\u00e7\u00f5es<\/h2>\n\n\n\n<p>O ministro da Economia tamb\u00e9m defendeu que parte dos recursos financeiros obtidos com a venda de empresas estatais e concess\u00f5es de servi\u00e7os p\u00fablicos passe a ser destinada a mecanismos de combate \u00e0 desigualdade, como o Fundo de Combate e Erradica\u00e7\u00e3o da Pobreza. Para ele, a medida contribuiria para fortalecer o apoio popular \u00e0s privatiza\u00e7\u00f5es, servindo como um \u201cincentivo para a classe pol\u00edtica acelerar as privatiza\u00e7\u00f5es\u201d.<\/p>\n\n\n\n<p>\u201cHoje, a privatiza\u00e7\u00e3o vira redu\u00e7\u00e3o de d\u00edvida, o que \u00e9 um mecanismo muito indireto. \u00c9 preciso explicar ao pol\u00edtico que [a privatiza\u00e7\u00e3o pode] baratear a rolagem da d\u00edvida [p\u00fablica, fazendo com que] sobre um pouco mais de recursos para a Sa\u00fade e a Educa\u00e7\u00e3o no or\u00e7amento do ano seguinte. Isto \u00e9 muito indireto. Mas, se ao vendermos uma estatal, pegarmos 20% ou 30% da redu\u00e7\u00e3o de d\u00edvida [e destinarmos] ao Fundo de Erradica\u00e7\u00e3o da Pobreza, \u00e9 uma transfer\u00eancia de riqueza\u201d, opinou. &#8220;Quem sabe n\u00e3o vai haver o aumento de apoio popular [\u00e0s privatiza\u00e7\u00f5es].&#8221;<\/p>\n","protected":false},"excerpt":{"rendered":"<p>Meta \u00e9 incentivar a atividade econ\u00f4mica reduzindo custos O governo federal estuda reduzir em at\u00e9 25% a al\u00edquota do Imposto sobre Produtos Industrializados (IPI), tributo federal que incide sobre os artigos industrializados, nacionais ou importados, \u00e0 venda no pa\u00eds. Segundo o ministro da Economia, Paulo Guedes, a inten\u00e7\u00e3o \u00e9 estimular a atividade econ\u00f4mica, diminuindo custos [&hellip;]<\/p>\n","protected":false},"author":7,"featured_media":4392,"comment_status":"closed","ping_status":"open","sticky":false,"template":"","format":"standard","meta":{"rop_custom_images_group":[],"rop_custom_messages_group":[],"rop_publish_now":"initial","rop_publish_now_accounts":[],"rop_publish_now_history":[],"rop_publish_now_status":"pending","footnotes":""},"categories":[189,192],"tags":[],"class_list":["post-4389","post","type-post","status-publish","format-standard","has-post-thumbnail","hentry","category-brasil","category-economia"],"amp_enabled":true,"_links":{"self":[{"href":"https:\/\/imais.online\/portal\/wp-json\/wp\/v2\/posts\/4389","targetHints":{"allow":["GET"]}}],"collection":[{"href":"https:\/\/imais.online\/portal\/wp-json\/wp\/v2\/posts"}],"about":[{"href":"https:\/\/imais.online\/portal\/wp-json\/wp\/v2\/types\/post"}],"author":[{"embeddable":true,"href":"https:\/\/imais.online\/portal\/wp-json\/wp\/v2\/users\/7"}],"replies":[{"embeddable":true,"href":"https:\/\/imais.online\/portal\/wp-json\/wp\/v2\/comments?post=4389"}],"version-history":[{"count":1,"href":"https:\/\/imais.online\/portal\/wp-json\/wp\/v2\/posts\/4389\/revisions"}],"predecessor-version":[{"id":4393,"href":"https:\/\/imais.online\/portal\/wp-json\/wp\/v2\/posts\/4389\/revisions\/4393"}],"wp:featuredmedia":[{"embeddable":true,"href":"https:\/\/imais.online\/portal\/wp-json\/wp\/v2\/media\/4392"}],"wp:attachment":[{"href":"https:\/\/imais.online\/portal\/wp-json\/wp\/v2\/media?parent=4389"}],"wp:term":[{"taxonomy":"category","embeddable":true,"href":"https:\/\/imais.online\/portal\/wp-json\/wp\/v2\/categories?post=4389"},{"taxonomy":"post_tag","embeddable":true,"href":"https:\/\/imais.online\/portal\/wp-json\/wp\/v2\/tags?post=4389"}],"curies":[{"name":"wp","href":"https:\/\/api.w.org\/{rel}","templated":true}]}}