{"id":4398,"date":"2022-02-23T17:34:04","date_gmt":"2022-02-23T20:34:04","guid":{"rendered":"https:\/\/imais.online\/portal\/?p=4398"},"modified":"2022-02-23T17:34:07","modified_gmt":"2022-02-23T20:34:07","slug":"mortes-por-covid-19-caem-pela-primeira-vez-no-ano-em-sao-paulo","status":"publish","type":"post","link":"https:\/\/imais.online\/portal\/mortes-por-covid-19-caem-pela-primeira-vez-no-ano-em-sao-paulo\/","title":{"rendered":"Mortes por covid-19 caem pela primeira vez no ano em S\u00e3o Paulo"},"content":{"rendered":"<div class=\"imais-before-content-placement\" id=\"imais-3228639712\"><script async src=\"\/\/pagead2.googlesyndication.com\/pagead\/js\/adsbygoogle.js?client=ca-pub-8787528412751566\" crossorigin=\"anonymous\"><\/script><ins class=\"adsbygoogle\" style=\"display:block;\" data-ad-client=\"ca-pub-8787528412751566\" \ndata-ad-slot=\"\" \ndata-ad-format=\"auto\"><\/ins>\n<script> \n(adsbygoogle = window.adsbygoogle || []).push({}); \n<\/script>\n<\/div>\n<p class=\"has-text-align-center\">A informa\u00e7\u00e3o foi divulgada pelo governador Jo\u00e3o Doria<\/p>\n\n\n\n<p>Pela primeira vez em 2022, as mortes por covid-19 ca\u00edram no estado de S\u00e3o Paulo. A informa\u00e7\u00e3o foi dada hoje (23) pelo governador de S\u00e3o Paulo, Jo\u00e3o Doria. H\u00e1 tr\u00eas semanas, o estado j\u00e1 vinha registrando queda nas interna\u00e7\u00f5es. Mas as mortes s\u00f3 come\u00e7aram a cair na semana passada, quando S\u00e3o Paulo registrou 11% menos mortes que em rela\u00e7\u00e3o \u00e0 semana anterior.<img decoding=\"async\" src=\"https:\/\/agenciabrasil.ebc.com.br\/ebc.png?id=1444337&amp;o=node\"><img decoding=\"async\" src=\"https:\/\/agenciabrasil.ebc.com.br\/ebc.gif?id=1444337&amp;o=node\"><\/p>\n\n\n\n<p>O pico de \u00f3bitos ocorreu no dia 8 de fevereiro, quando o estado registrou uma m\u00e9dia m\u00f3vel de 288 mortes. Desde janeiro, as mortes e interna\u00e7\u00f5es vinham crescendo em S\u00e3o Paulo com a chegada da variante \u00d4micron ao Brasil.Segundo o governo, a queda nas mortes e nas interna\u00e7\u00f5es s\u00f3 foi poss\u00edvel com o avan\u00e7o da vacina\u00e7\u00e3o. At\u00e9 este momento, 81% da popula\u00e7\u00e3o do estado j\u00e1 completou o seu esquema vacinal. \u201cO avan\u00e7o da vacina\u00e7\u00e3o foi o grande respons\u00e1vel para evitar que a variante \u00d4micron causasse mortalidade em grande escala em S\u00e3o Paulo\u201d, disse Doria.<\/p>\n\n\n\n<p>Neste momento, o estado tem uma taxa de ocupa\u00e7\u00e3o de leitos de unidades de terapia intensiva (UTI) de 56%, com 2.540 pessoas internadas em estado grave. H\u00e1 tr\u00eas semanas, esta taxa estava em 74%. No pico da terceira onda da pandemia, registrado no final do m\u00eas de janeiro e in\u00edcio deste m\u00eas, o estado chegou a ter 11 mil pacientes internados, tanto em enfermarias quanto em UTIs. Segundo o secret\u00e1rio estadual da Sa\u00fade, Jean Gorinchteyn, as interna\u00e7\u00f5es ca\u00edram 46% no estado desde o dia 28 de janeiro.<\/p>\n\n\n\n<p>Os casos tamb\u00e9m vem caindo: na \u00faltima semana, S\u00e3o Paulo registrou 6% menos casos do que na semana anterior. Mesmo assim, a m\u00e9dia m\u00f3vel de casos registrados na \u00faltima semana continua alta: 13.070 casos por dia, superior ao que era registrado como m\u00e9dia m\u00f3vel no m\u00eas de janeiro. O pico de casos ocorreu na primeira semana de fevereiro, quando o estado registrou uma m\u00e9dia m\u00f3vel de 14.542 casos por dia.<\/p>\n\n\n\n<p>Com essa queda em casos, interna\u00e7\u00f5es e mortes, o Centro de Conting\u00eancia do Coronav\u00edrus em S\u00e3o Paulo vem estudando a possibilidade de retirar a obrigatoriedade do uso de m\u00e1scara. Mas isso n\u00e3o ser\u00e1 feito neste momento. Pelo menos at\u00e9 o final do m\u00eas de mar\u00e7o, o uso de m\u00e1scara continuar\u00e1 obrigat\u00f3rio no estado.<\/p>\n\n\n\n<h2 class=\"wp-block-heading\">Vacina\u00e7\u00e3o infantil<\/h2>\n\n\n\n<p>At\u00e9 este momento, 65% das crian\u00e7as de 5 a 11 anos (o que corresponde a mais de 2,7 milh\u00f5es de menores nessa faixa et\u00e1ria) do estado de S\u00e3o Paulo j\u00e1 tomaram a primeira dose de vacina contra a covid-19. Mas para intensificar a campanha, o governo paulista promove, at\u00e9 a pr\u00f3xima sexta-feira (25), uma semana de vacina\u00e7\u00e3o nas escolas. Os munic\u00edpios paulistas que aderirem \u00e0 campanha poder\u00e3o vacinar as crian\u00e7as dentro das escolas, desde que haja um documento de concord\u00e2ncia dos pais ou respons\u00e1veis.<\/p>\n","protected":false},"excerpt":{"rendered":"<p>A informa\u00e7\u00e3o foi divulgada pelo governador Jo\u00e3o Doria Pela primeira vez em 2022, as mortes por covid-19 ca\u00edram no estado de S\u00e3o Paulo. A informa\u00e7\u00e3o foi dada hoje (23) pelo governador de S\u00e3o Paulo, Jo\u00e3o Doria. H\u00e1 tr\u00eas semanas, o estado j\u00e1 vinha registrando queda nas interna\u00e7\u00f5es. Mas as mortes s\u00f3 come\u00e7aram a cair na [&hellip;]<\/p>\n","protected":false},"author":7,"featured_media":4399,"comment_status":"closed","ping_status":"open","sticky":false,"template":"","format":"standard","meta":{"rop_custom_images_group":[],"rop_custom_messages_group":[],"rop_publish_now":"initial","rop_publish_now_accounts":[],"rop_publish_now_history":[],"rop_publish_now_status":"pending","footnotes":""},"categories":[195],"tags":[73],"class_list":["post-4398","post","type-post","status-publish","format-standard","has-post-thumbnail","hentry","category-sao-paulo","tag-featured"],"amp_enabled":true,"_links":{"self":[{"href":"https:\/\/imais.online\/portal\/wp-json\/wp\/v2\/posts\/4398","targetHints":{"allow":["GET"]}}],"collection":[{"href":"https:\/\/imais.online\/portal\/wp-json\/wp\/v2\/posts"}],"about":[{"href":"https:\/\/imais.online\/portal\/wp-json\/wp\/v2\/types\/post"}],"author":[{"embeddable":true,"href":"https:\/\/imais.online\/portal\/wp-json\/wp\/v2\/users\/7"}],"replies":[{"embeddable":true,"href":"https:\/\/imais.online\/portal\/wp-json\/wp\/v2\/comments?post=4398"}],"version-history":[{"count":1,"href":"https:\/\/imais.online\/portal\/wp-json\/wp\/v2\/posts\/4398\/revisions"}],"predecessor-version":[{"id":4400,"href":"https:\/\/imais.online\/portal\/wp-json\/wp\/v2\/posts\/4398\/revisions\/4400"}],"wp:featuredmedia":[{"embeddable":true,"href":"https:\/\/imais.online\/portal\/wp-json\/wp\/v2\/media\/4399"}],"wp:attachment":[{"href":"https:\/\/imais.online\/portal\/wp-json\/wp\/v2\/media?parent=4398"}],"wp:term":[{"taxonomy":"category","embeddable":true,"href":"https:\/\/imais.online\/portal\/wp-json\/wp\/v2\/categories?post=4398"},{"taxonomy":"post_tag","embeddable":true,"href":"https:\/\/imais.online\/portal\/wp-json\/wp\/v2\/tags?post=4398"}],"curies":[{"name":"wp","href":"https:\/\/api.w.org\/{rel}","templated":true}]}}