{"id":4401,"date":"2022-02-23T17:41:58","date_gmt":"2022-02-23T20:41:58","guid":{"rendered":"https:\/\/imais.online\/portal\/?p=4401"},"modified":"2022-02-23T17:42:00","modified_gmt":"2022-02-23T20:42:00","slug":"governador-diz-que-prefeituras-devem-fiscalizar-carnaval-em-sao-paulo","status":"publish","type":"post","link":"https:\/\/imais.online\/portal\/governador-diz-que-prefeituras-devem-fiscalizar-carnaval-em-sao-paulo\/","title":{"rendered":"Governador diz que prefeituras devem fiscalizar carnaval em S\u00e3o Paulo"},"content":{"rendered":"<div class=\"imais-before-content-placement\" id=\"imais-2765691528\"><script async src=\"\/\/pagead2.googlesyndication.com\/pagead\/js\/adsbygoogle.js?client=ca-pub-8787528412751566\" crossorigin=\"anonymous\"><\/script><ins class=\"adsbygoogle\" style=\"display:block;\" data-ad-client=\"ca-pub-8787528412751566\" \ndata-ad-slot=\"\" \ndata-ad-format=\"auto\"><\/ins>\n<script> \n(adsbygoogle = window.adsbygoogle || []).push({}); \n<\/script>\n<\/div>\n<p class=\"has-text-align-center\">Carnaval e desfile das escolas est\u00e3o suspensos na capital paulista<\/p>\n\n\n\n<p>O governador de S\u00e3o Paulo, Jo\u00e3o Doria, atribuiu \u00e0s prefeituras a tarefa de fiscalizar festas e aglomera\u00e7\u00f5es que podem ocorrer no carnaval, que este ano ser\u00e1 nos dias 26, 27 e 28 de fevereiro e 1\u00ba de mar\u00e7o. O governo paulista n\u00e3o proibiu, mas recomenda que os festejos carnavalescos sejam suspensos ou adiados por causa da pandemia do novo coronav\u00edrus.<img decoding=\"async\" src=\"https:\/\/agenciabrasil.ebc.com.br\/ebc.png?id=1444374&amp;o=node\"><img decoding=\"async\" src=\"https:\/\/agenciabrasil.ebc.com.br\/ebc.gif?id=1444374&amp;o=node\"><\/p>\n\n\n\n<p>\u201cO carnaval \u00e9 uma decis\u00e3o das prefeituras municipais. A orienta\u00e7\u00e3o do governo do estado de S\u00e3o Paulo \u00e9 que n\u00e3o houvesse nenhum tipo de manifesta\u00e7\u00e3o p\u00fablica, sejam desfiles, bailes ou aglomera\u00e7\u00f5es celebrativas ao carnaval. E todas as prefeituras do estado, pelo menos as que tenho informa\u00e7\u00e3o, seguiram essa orienta\u00e7\u00e3o e determinaram tamb\u00e9m esse princ\u00edpio\u201d, disse o governador.<\/p>\n\n\n\n<p>\u201cSe houver algum desrespeito, s\u00e3o as prefeituras que devem acionar a Pol\u00edcia Militar. Porque, nesses casos, se foi por for\u00e7a de determina\u00e7\u00e3o legal, a desobedi\u00eancia \u00e9 uma infra\u00e7\u00e3o. E uma infra\u00e7\u00e3o tem que exigir medidas que, neste caso, s\u00e3o de ordem policial para evitar que aconte\u00e7am ou voltem a acontecer\u201d, completou.<\/p>\n\n\n\n<h2 class=\"wp-block-heading\">Suspens\u00e3o<\/h2>\n\n\n\n<p>O carnaval de rua e o desfile das escolas de samba<a href=\"http:\/\/agenciabrasil.ebc.com.br\/geral\/noticia\/2022-01\/rio-e-sao-paulo-adiam-desfile-de-carnaval-para-feriado-de-tiradentes\" target=\"_blank\" rel=\"noreferrer noopener\">&nbsp;foram suspensos na capital paulista<\/a>. A prefeitura determinou uma nova data para a realiza\u00e7\u00e3o dos desfiles na cidade de S\u00e3o Paulo: no feriado de Tiradentes, em abril. Diversas outras cidades do estado tamb\u00e9m suspenderam os festejos carnavalescos por causa da variante \u00d4micron, que fez os casos, interna\u00e7\u00f5es e mortes por covid-19 aumentarem no in\u00edcio deste ano. Apesar disso,&nbsp;<a href=\"http:\/\/agenciabrasil.ebc.com.br\/saude\/noticia\/2022-01\/governador-de-sao-paulo-recomenda-ocupacao-menor-em-eventos\" target=\"_blank\" rel=\"noreferrer noopener\">o governo de S\u00e3o Paulo<\/a>&nbsp;declarou a data como ponto facultativo e n\u00e3o proibiu que eventos privados possam ser realizados, desde que respeitem um limite de 70% de capacidade de p\u00fablico e exijam comprovante de vacina\u00e7\u00e3o.&nbsp;<\/p>\n\n\n\n<p>O temor do governo \u00e9 que, apesar do cancelamento dos eventos p\u00fablicos de rua, as pessoas continuem se aglomerando em locais privados no carnaval.&nbsp;<\/p>\n\n\n\n<p>\u201cA orienta\u00e7\u00e3o do Comit\u00ea Cient\u00edfico \u00e9 para que isso n\u00e3o aconte\u00e7a mesmo em ambientes privados, clubes, associa\u00e7\u00f5es ou resid\u00eancias que possam ter o desejo de fazer aglomera\u00e7\u00f5es no per\u00edodo de carnaval. N\u00e3o \u00e9 recomend\u00e1vel\u201d, afirmou o governador.<\/p>\n","protected":false},"excerpt":{"rendered":"<p>Carnaval e desfile das escolas est\u00e3o suspensos na capital paulista O governador de S\u00e3o Paulo, Jo\u00e3o Doria, atribuiu \u00e0s prefeituras a tarefa de fiscalizar festas e aglomera\u00e7\u00f5es que podem ocorrer no carnaval, que este ano ser\u00e1 nos dias 26, 27 e 28 de fevereiro e 1\u00ba de mar\u00e7o. O governo paulista n\u00e3o proibiu, mas recomenda [&hellip;]<\/p>\n","protected":false},"author":7,"featured_media":4402,"comment_status":"closed","ping_status":"open","sticky":false,"template":"","format":"standard","meta":{"rop_custom_images_group":[],"rop_custom_messages_group":[],"rop_publish_now":"initial","rop_publish_now_accounts":[],"rop_publish_now_history":[],"rop_publish_now_status":"pending","footnotes":""},"categories":[195],"tags":[],"class_list":["post-4401","post","type-post","status-publish","format-standard","has-post-thumbnail","hentry","category-sao-paulo"],"amp_enabled":true,"_links":{"self":[{"href":"https:\/\/imais.online\/portal\/wp-json\/wp\/v2\/posts\/4401","targetHints":{"allow":["GET"]}}],"collection":[{"href":"https:\/\/imais.online\/portal\/wp-json\/wp\/v2\/posts"}],"about":[{"href":"https:\/\/imais.online\/portal\/wp-json\/wp\/v2\/types\/post"}],"author":[{"embeddable":true,"href":"https:\/\/imais.online\/portal\/wp-json\/wp\/v2\/users\/7"}],"replies":[{"embeddable":true,"href":"https:\/\/imais.online\/portal\/wp-json\/wp\/v2\/comments?post=4401"}],"version-history":[{"count":1,"href":"https:\/\/imais.online\/portal\/wp-json\/wp\/v2\/posts\/4401\/revisions"}],"predecessor-version":[{"id":4403,"href":"https:\/\/imais.online\/portal\/wp-json\/wp\/v2\/posts\/4401\/revisions\/4403"}],"wp:featuredmedia":[{"embeddable":true,"href":"https:\/\/imais.online\/portal\/wp-json\/wp\/v2\/media\/4402"}],"wp:attachment":[{"href":"https:\/\/imais.online\/portal\/wp-json\/wp\/v2\/media?parent=4401"}],"wp:term":[{"taxonomy":"category","embeddable":true,"href":"https:\/\/imais.online\/portal\/wp-json\/wp\/v2\/categories?post=4401"},{"taxonomy":"post_tag","embeddable":true,"href":"https:\/\/imais.online\/portal\/wp-json\/wp\/v2\/tags?post=4401"}],"curies":[{"name":"wp","href":"https:\/\/api.w.org\/{rel}","templated":true}]}}