{"id":4413,"date":"2022-02-23T18:22:11","date_gmt":"2022-02-23T21:22:11","guid":{"rendered":"https:\/\/imais.online\/portal\/?p=4413"},"modified":"2022-02-23T18:30:02","modified_gmt":"2022-02-23T21:30:02","slug":"pesquisa-do-procon-constata-diferencas-de-ate-107-no-valor-dos-ventiladores","status":"publish","type":"post","link":"https:\/\/imais.online\/portal\/pesquisa-do-procon-constata-diferencas-de-ate-107-no-valor-dos-ventiladores\/","title":{"rendered":"Pesquisa do Procon constata diferen\u00e7as de at\u00e9 107% no valor dos ventiladores"},"content":{"rendered":"<div class=\"imais-before-content-placement\" id=\"imais-2096727291\"><script async src=\"\/\/pagead2.googlesyndication.com\/pagead\/js\/adsbygoogle.js?client=ca-pub-8787528412751566\" crossorigin=\"anonymous\"><\/script><ins class=\"adsbygoogle\" style=\"display:block;\" data-ad-client=\"ca-pub-8787528412751566\" \ndata-ad-slot=\"\" \ndata-ad-format=\"auto\"><\/ins>\n<script> \n(adsbygoogle = window.adsbygoogle || []).push({}); \n<\/script>\n<\/div>\n<p>Pesquisa do Procon-SP aponta que os pre\u00e7os de climatizadores e ventiladores podem variar significativamente conforme o local de compra. A maior diferen\u00e7a encontrada foi de 107,48% no ventilador de mesa Arno Super Force 30 cm VEF3, em um local era vendido por R\uff04 329,90 e, em outro, por R\uff04 R\uff04 159,00.<\/p>\n\n\n\n<p>O levantamento, feito pela equipe de pesquisas da Escola de Prote\u00e7\u00e3o e Defesa do Consumidor em seis sites eletr\u00f4nicos (Americanas, Carrefour, Casas Bahia, Extra, Magazine Luiza e Ponto) de 25 a 27 de janeiro, teve como objetivo oferecer uma refer\u00eancia de pre\u00e7o ao consumidor.<\/p>\n\n\n\n<p>Foram comparados ao todo 52 itens entre climatizadores, ventiladores de mesa, coluna e teto. S\u00f3 foram comparados os produtos encontrados em, no m\u00ednimo, tr\u00eas dos sites visitados; os pre\u00e7os coletados foram os ofertados para cada produto no pagamento com cart\u00e3o cr\u00e9dito \u00e0 vista, sem considerar eventuais promo\u00e7\u00f5es ou descontos vinculados \u00e0s regras estabelecidas pelo site.<\/p>\n\n\n\n<p>Veja a pesquisa completa <a href=\"https:\/\/comunicacaopro.com\/link.php?code=bDpodHRwcyUzQSUyRiUyRnd3dy5wcm9jb24uc3AuZ292LmJyJTJGd3AtY29udGVudCUyRnVwbG9hZHMlMkYyMDIyJTJGMDIlMkZSZWxhdF9QZXNxX0NsaW1hdF9WZW50XzIwMjIucGRmOjI4OTg4ODM3MTpjb250ZXVkb0BpbWFpcy5vbmxpbmU6ZDA3OTlm\">aqui<\/a><\/p>\n\n\n\n<p><strong><em>Orienta\u00e7\u00f5es ao consumidor<\/em><\/strong><\/p>\n\n\n\n<p>Comparar pre\u00e7os em diversos estabelecimentos, sempre aliando pre\u00e7o \/ qualidade \/ frete ou custo-benef\u00edcio do deslocamento.<\/p>\n\n\n\n<p>Ler atentamente as instru\u00e7\u00f5es contidas no manual que vem junto ao produto.<\/p>\n\n\n\n<p>Verificar se a voltagem da tomada onde ser\u00e1 ligado o aparelho \u00e9 compat\u00edvel com a voltagem do produto.<\/p>\n\n\n\n<p>Instalar o climatizador num local no qual poder\u00e3o ser aproveitados os recursos oferecidos pelo produto, para uma boa circula\u00e7\u00e3o do ar.<\/p>\n\n\n\n<p>Ventilador de teto demanda instala\u00e7\u00e3o especializada, por ser complexa sua instala\u00e7\u00e3o el\u00e9trica e ser necess\u00e1rio o balanceamento correto do produto.<\/p>\n\n\n\n<p>Guardar sempre a nota fiscal \u00e9 fundamental para assegurar os direitos dos consumidores, no caso de defeito ou v\u00edcio do produto.<br><\/p>\n","protected":false},"excerpt":{"rendered":"<p>Pesquisa do Procon-SP aponta que os pre\u00e7os de climatizadores e ventiladores podem variar significativamente conforme o local de compra. A maior diferen\u00e7a encontrada foi de 107,48% no ventilador de mesa Arno Super Force 30 cm VEF3, em um local era vendido por R\uff04 329,90 e, em outro, por R\uff04 R\uff04 159,00. O levantamento, feito pela [&hellip;]<\/p>\n","protected":false},"author":7,"featured_media":4414,"comment_status":"closed","ping_status":"open","sticky":false,"template":"","format":"standard","meta":{"rop_custom_images_group":[],"rop_custom_messages_group":[],"rop_publish_now":"initial","rop_publish_now_accounts":[],"rop_publish_now_history":[],"rop_publish_now_status":"pending","footnotes":""},"categories":[192],"tags":[],"class_list":["post-4413","post","type-post","status-publish","format-standard","has-post-thumbnail","hentry","category-economia"],"amp_enabled":true,"_links":{"self":[{"href":"https:\/\/imais.online\/portal\/wp-json\/wp\/v2\/posts\/4413","targetHints":{"allow":["GET"]}}],"collection":[{"href":"https:\/\/imais.online\/portal\/wp-json\/wp\/v2\/posts"}],"about":[{"href":"https:\/\/imais.online\/portal\/wp-json\/wp\/v2\/types\/post"}],"author":[{"embeddable":true,"href":"https:\/\/imais.online\/portal\/wp-json\/wp\/v2\/users\/7"}],"replies":[{"embeddable":true,"href":"https:\/\/imais.online\/portal\/wp-json\/wp\/v2\/comments?post=4413"}],"version-history":[{"count":1,"href":"https:\/\/imais.online\/portal\/wp-json\/wp\/v2\/posts\/4413\/revisions"}],"predecessor-version":[{"id":4415,"href":"https:\/\/imais.online\/portal\/wp-json\/wp\/v2\/posts\/4413\/revisions\/4415"}],"wp:featuredmedia":[{"embeddable":true,"href":"https:\/\/imais.online\/portal\/wp-json\/wp\/v2\/media\/4414"}],"wp:attachment":[{"href":"https:\/\/imais.online\/portal\/wp-json\/wp\/v2\/media?parent=4413"}],"wp:term":[{"taxonomy":"category","embeddable":true,"href":"https:\/\/imais.online\/portal\/wp-json\/wp\/v2\/categories?post=4413"},{"taxonomy":"post_tag","embeddable":true,"href":"https:\/\/imais.online\/portal\/wp-json\/wp\/v2\/tags?post=4413"}],"curies":[{"name":"wp","href":"https:\/\/api.w.org\/{rel}","templated":true}]}}