{"id":4498,"date":"2022-02-26T14:48:21","date_gmt":"2022-02-26T17:48:21","guid":{"rendered":"https:\/\/imais.online\/portal\/?p=4498"},"modified":"2022-02-26T14:48:22","modified_gmt":"2022-02-26T17:48:22","slug":"imposto-de-renda-2022-nao-tera-devolucao-de-auxilio-emergencial","status":"publish","type":"post","link":"https:\/\/imais.online\/portal\/imposto-de-renda-2022-nao-tera-devolucao-de-auxilio-emergencial\/","title":{"rendered":"Imposto de Renda 2022 n\u00e3o ter\u00e1 devolu\u00e7\u00e3o de aux\u00edlio emergencial"},"content":{"rendered":"<div class=\"imais-before-content-placement\" id=\"imais-2464552597\"><script async src=\"\/\/pagead2.googlesyndication.com\/pagead\/js\/adsbygoogle.js?client=ca-pub-8787528412751566\" crossorigin=\"anonymous\"><\/script><ins class=\"adsbygoogle\" style=\"display:block;\" data-ad-client=\"ca-pub-8787528412751566\" \ndata-ad-slot=\"\" \ndata-ad-format=\"auto\"><\/ins>\n<script> \n(adsbygoogle = window.adsbygoogle || []).push({}); \n<\/script>\n<\/div>\n<h2 class=\"wp-block-heading\">Segundo a Receita Federal,\u00a0este ano n\u00e3o h\u00e1 previs\u00e3o legal para essa cobran\u00e7a; no IR 2021, foram recolhidos\u00a0R$ 976,4 milh\u00f5es<\/h2>\n\n\n\n<p>A Receita Federal n\u00e3o prev\u00ea para este ano a\u00a0<strong>devolu\u00e7\u00e3o do aux\u00edlio emergencial<\/strong>\u00a0na declara\u00e7\u00e3o do IRPF 2022 (Imposto de Renda da Pessoa F\u00edsica). No ano passado, foi obrigat\u00f3rio declarar e devolver o benef\u00edcio pago a contribuintes que tiveram rendimentos tribut\u00e1veis acima de R$ 22.847,76.<\/p>\n\n\n\n<p>Segundo a Receita,\u00a0este ano n\u00e3o h\u00e1 previs\u00e3o legal para essa cobran\u00e7a no\u00a0<strong>IR 2022<\/strong>. &#8220;A Receita fez a cobran\u00e7a, no ano passado, porque a lei previa. Agora, a devolu\u00e7\u00e3o ser\u00e1 s\u00f3 pelo Minist\u00e9rio da Cidadania.\u00a0Como o aux\u00edlio emergencial \u00e9 um rendimento tribut\u00e1vel, caso somado aos demais rendimentos tribut\u00e1veis ultrapasse o limite definido pela norma [R$ 28.559,70], a\u00ed sim a pessoa est\u00e1 obrigada a apresentar declara\u00e7\u00e3o&#8221;, explicou o auditor fiscal Jos\u00e9 Carlos da Fonseca, respons\u00e1vel pelo programa do IRPF.<\/p>\n\n\n\n<p>Foram recebidas 985.455 declara\u00e7\u00f5es com devolu\u00e7\u00e3o do aux\u00edlio, que geraram 1.114.591 Darfs (Documentos de Arrecada\u00e7\u00e3o de Receitas Federais). Desses, 30,25% foram recolhidos, o que representa R$ 976,4 milh\u00f5es dos R$ 3,3 bilh\u00f5es previstos.<\/p>\n\n\n\n<p>O per\u00edodo de entrega da declara\u00e7\u00e3o do IR 2022 come\u00e7a no dia 7 de mar\u00e7o e vai at\u00e9 29 de abril. A expectativa \u00e9 que 34,1 milh\u00f5es de declara\u00e7\u00f5es sejam enviadas at\u00e9 o fim do prazo.<\/p>\n\n\n\n<p>Entre as novidades deste ano, anunciadas pela Receita, est\u00e3o o acesso ampliado \u00e0 declara\u00e7\u00e3o pr\u00e9-preenchida por meio de todas as plataformas dispon\u00edveis e o recebimento da restitui\u00e7\u00e3o e o pagamento de Darf via Pix.<\/p>\n\n\n\n<p>A partir da pr\u00f3xima quinta-feira (3), come\u00e7am a ser habilitados os servi\u00e7os de Imposto de Renda com conta no site do governo federal. Em 7 de mar\u00e7o o contribuinte poder\u00e1 fazer o download do programa na plataforma da Receita Federal. Somente a partir de 15 de mar\u00e7o haver\u00e1 a disponibiliza\u00e7\u00e3o da declara\u00e7\u00e3o pr\u00e9-preenchida.<\/p>\n\n\n\n<figure class=\"wp-block-image\"><img decoding=\"async\" src=\"https:\/\/img.r7.com\/images\/arte-do-ir-2022-imposto-de-renda-2022-25022022223338262\" alt=\"\" title=\"\"\/><figcaption> ARTE\/R7 <\/figcaption><\/figure>\n\n\n\n<p>Fonte R7<\/p>\n","protected":false},"excerpt":{"rendered":"<p>Segundo a Receita Federal,\u00a0este ano n\u00e3o h\u00e1 previs\u00e3o legal para essa cobran\u00e7a; no IR 2021, foram recolhidos\u00a0R$ 976,4 milh\u00f5es A Receita Federal n\u00e3o prev\u00ea para este ano a\u00a0devolu\u00e7\u00e3o do aux\u00edlio emergencial\u00a0na declara\u00e7\u00e3o do IRPF 2022 (Imposto de Renda da Pessoa F\u00edsica). No ano passado, foi obrigat\u00f3rio declarar e devolver o benef\u00edcio pago a contribuintes que [&hellip;]<\/p>\n","protected":false},"author":8,"featured_media":4499,"comment_status":"closed","ping_status":"open","sticky":false,"template":"","format":"standard","meta":{"rop_custom_images_group":[],"rop_custom_messages_group":[],"rop_publish_now":"initial","rop_publish_now_accounts":[],"rop_publish_now_history":[],"rop_publish_now_status":"pending","footnotes":""},"categories":[192],"tags":[],"class_list":["post-4498","post","type-post","status-publish","format-standard","has-post-thumbnail","hentry","category-economia"],"amp_enabled":true,"_links":{"self":[{"href":"https:\/\/imais.online\/portal\/wp-json\/wp\/v2\/posts\/4498","targetHints":{"allow":["GET"]}}],"collection":[{"href":"https:\/\/imais.online\/portal\/wp-json\/wp\/v2\/posts"}],"about":[{"href":"https:\/\/imais.online\/portal\/wp-json\/wp\/v2\/types\/post"}],"author":[{"embeddable":true,"href":"https:\/\/imais.online\/portal\/wp-json\/wp\/v2\/users\/8"}],"replies":[{"embeddable":true,"href":"https:\/\/imais.online\/portal\/wp-json\/wp\/v2\/comments?post=4498"}],"version-history":[{"count":1,"href":"https:\/\/imais.online\/portal\/wp-json\/wp\/v2\/posts\/4498\/revisions"}],"predecessor-version":[{"id":4500,"href":"https:\/\/imais.online\/portal\/wp-json\/wp\/v2\/posts\/4498\/revisions\/4500"}],"wp:featuredmedia":[{"embeddable":true,"href":"https:\/\/imais.online\/portal\/wp-json\/wp\/v2\/media\/4499"}],"wp:attachment":[{"href":"https:\/\/imais.online\/portal\/wp-json\/wp\/v2\/media?parent=4498"}],"wp:term":[{"taxonomy":"category","embeddable":true,"href":"https:\/\/imais.online\/portal\/wp-json\/wp\/v2\/categories?post=4498"},{"taxonomy":"post_tag","embeddable":true,"href":"https:\/\/imais.online\/portal\/wp-json\/wp\/v2\/tags?post=4498"}],"curies":[{"name":"wp","href":"https:\/\/api.w.org\/{rel}","templated":true}]}}