{"id":4554,"date":"2022-03-01T07:03:22","date_gmt":"2022-03-01T10:03:22","guid":{"rendered":"https:\/\/imais.online\/portal\/?p=4554"},"modified":"2022-03-01T07:03:23","modified_gmt":"2022-03-01T10:03:23","slug":"brasil-permitira-acesso-de-ucranianos-a-passaporte-humanitario","status":"publish","type":"post","link":"https:\/\/imais.online\/portal\/brasil-permitira-acesso-de-ucranianos-a-passaporte-humanitario\/","title":{"rendered":"Brasil permitir\u00e1 acesso de ucranianos a passaporte humanit\u00e1rio"},"content":{"rendered":"<div class=\"imais-before-content-placement\" id=\"imais-3372703098\"><script async src=\"\/\/pagead2.googlesyndication.com\/pagead\/js\/adsbygoogle.js?client=ca-pub-8787528412751566\" crossorigin=\"anonymous\"><\/script><ins class=\"adsbygoogle\" style=\"display:block;\" data-ad-client=\"ca-pub-8787528412751566\" \ndata-ad-slot=\"\" \ndata-ad-format=\"auto\"><\/ins>\n<script> \n(adsbygoogle = window.adsbygoogle || []).push({}); \n<\/script>\n<\/div>\n<p class=\"has-text-align-center\">Presidente disse que ser\u00e1 editada uma portaria, nos pr\u00f3ximos dias<\/p>\n\n\n\n<p>O presidente da Rep\u00fablica, Jair Bolsonaro, disse nesta segunda-feira (28) que o Brasil vai fazer uma portaria para garantir o acesso de ucranianos ao passaporte humanit\u00e1rio brasileiro. O an\u00fancio foi feito em entrevista \u00e0 r\u00e1dio Jovem Pan e retransmitida nas redes sociais do presidente. \u201cN\u00f3s faremos todo o poss\u00edvel para receber o povo ucraniano\u201d, destacou.<br><br>Segundo Bolsonaro, a portaria que vai regulamentar a entrada de ucranianos por meio do passaporte humanit\u00e1rio dever\u00e1 ser publicada nos pr\u00f3ximos dias. O presidente disse que o Brasil vai continuar com a postura neutra em rela\u00e7\u00e3o ao conflito entre R\u00fassia e Ucr\u00e2nia que teve in\u00edcio na \u00faltima semana.<br><br>Nos \u00faltimos dias, o presidente j\u00e1 havia falado sobre o assunto, quando destacou que\u00a0o Brasil tem sido claro sobre sua posi\u00e7\u00e3o\u00a0\u201cem defesa da soberania, da autodetermina\u00e7\u00e3o e da integridade territorial dos Estados\u201d.<img decoding=\"async\" src=\"https:\/\/agenciabrasil.ebc.com.br\/ebc.png?id=1445583&amp;o=node\"><img decoding=\"async\" src=\"https:\/\/agenciabrasil.ebc.com.br\/ebc.gif?id=1445583&amp;o=node\"><\/p>\n\n\n\n<h2 class=\"wp-block-heading\">San\u00e7\u00f5es<\/h2>\n\n\n\n<p>O presidente afirmou que n\u00e3o h\u00e1 previs\u00e3o de imposi\u00e7\u00e3o de san\u00e7\u00f5es do Brasil para a R\u00fassia em decorr\u00eancia do conflito. Conforme Bolsonaro, o Brasil possui uma \u201cdepend\u00eancia enorme\u201d dos fertilizantes da R\u00fassia e, em caso de san\u00e7\u00f5es, o agroneg\u00f3cio seria \u201cseriamente afetado\u201d. \u201cAcredito que essas san\u00e7\u00f5es dificilmente prosperam\u201d, disse.<br><br>O presidente Jair Bolsonaro voltou a destacar o apoio do governo russo na preserva\u00e7\u00e3o da soberania da Amaz\u00f4nia em discuss\u00f5es internacionais e disse que, sem os fertilizantes russos, o agroneg\u00f3cio brasileiro seria prejudicado, o que poderia gerar inseguran\u00e7a alimentar e infla\u00e7\u00e3o de alimentos.<br><br>Bolsonaro falou ainda sobre as cr\u00edticas do\u00a0representante da Ucr\u00e2nia no Brasil\u00a0e afirmou que o Brasil tem que ter o equil\u00edbrio na rela\u00e7\u00e3o entre os pa\u00edses.<\/p>\n\n\n\n<h2 class=\"wp-block-heading\">Resgate de brasileiros<\/h2>\n\n\n\n<p>O Minist\u00e9rio das Rela\u00e7\u00f5es Exteriores (MRE) informou&nbsp; que chegaram hoje a Vars\u00f3via, capital da Pol\u00f4nia, oito servidores do Itamaraty para ajudar no processo de resgate dos brasileiros impedidos de retornar ao pa\u00eds por causa do conflito entre R\u00fassia e Ucr\u00e2nia. \u201cEsta for\u00e7a-tarefa enviar\u00e1 destacamento a Lviv, na Ucr\u00e2nia, onde ser\u00e1 montado escrit\u00f3rio de apoio aos brasileiros que est\u00e3o tentando deixar o pa\u00eds\u201d, diz a publica\u00e7\u00e3o, em redes sociais.<\/p>\n","protected":false},"excerpt":{"rendered":"<p>Presidente disse que ser\u00e1 editada uma portaria, nos pr\u00f3ximos dias O presidente da Rep\u00fablica, Jair Bolsonaro, disse nesta segunda-feira (28) que o Brasil vai fazer uma portaria para garantir o acesso de ucranianos ao passaporte humanit\u00e1rio brasileiro. O an\u00fancio foi feito em entrevista \u00e0 r\u00e1dio Jovem Pan e retransmitida nas redes sociais do presidente. \u201cN\u00f3s [&hellip;]<\/p>\n","protected":false},"author":7,"featured_media":4555,"comment_status":"closed","ping_status":"open","sticky":false,"template":"","format":"standard","meta":{"rop_custom_images_group":[],"rop_custom_messages_group":[],"rop_publish_now":"initial","rop_publish_now_accounts":[],"rop_publish_now_history":[],"rop_publish_now_status":"pending","footnotes":""},"categories":[189],"tags":[73],"class_list":["post-4554","post","type-post","status-publish","format-standard","has-post-thumbnail","hentry","category-brasil","tag-featured"],"amp_enabled":true,"_links":{"self":[{"href":"https:\/\/imais.online\/portal\/wp-json\/wp\/v2\/posts\/4554","targetHints":{"allow":["GET"]}}],"collection":[{"href":"https:\/\/imais.online\/portal\/wp-json\/wp\/v2\/posts"}],"about":[{"href":"https:\/\/imais.online\/portal\/wp-json\/wp\/v2\/types\/post"}],"author":[{"embeddable":true,"href":"https:\/\/imais.online\/portal\/wp-json\/wp\/v2\/users\/7"}],"replies":[{"embeddable":true,"href":"https:\/\/imais.online\/portal\/wp-json\/wp\/v2\/comments?post=4554"}],"version-history":[{"count":1,"href":"https:\/\/imais.online\/portal\/wp-json\/wp\/v2\/posts\/4554\/revisions"}],"predecessor-version":[{"id":4556,"href":"https:\/\/imais.online\/portal\/wp-json\/wp\/v2\/posts\/4554\/revisions\/4556"}],"wp:featuredmedia":[{"embeddable":true,"href":"https:\/\/imais.online\/portal\/wp-json\/wp\/v2\/media\/4555"}],"wp:attachment":[{"href":"https:\/\/imais.online\/portal\/wp-json\/wp\/v2\/media?parent=4554"}],"wp:term":[{"taxonomy":"category","embeddable":true,"href":"https:\/\/imais.online\/portal\/wp-json\/wp\/v2\/categories?post=4554"},{"taxonomy":"post_tag","embeddable":true,"href":"https:\/\/imais.online\/portal\/wp-json\/wp\/v2\/tags?post=4554"}],"curies":[{"name":"wp","href":"https:\/\/api.w.org\/{rel}","templated":true}]}}