{"id":4591,"date":"2022-03-02T13:59:06","date_gmt":"2022-03-02T16:59:06","guid":{"rendered":"https:\/\/imais.online\/portal\/?p=4591"},"modified":"2022-03-02T14:06:06","modified_gmt":"2022-03-02T17:06:06","slug":"nova-carteira-de-identidade-permite-anotar-condicao-de-doador-de-orgaos-entenda","status":"publish","type":"post","link":"https:\/\/imais.online\/portal\/nova-carteira-de-identidade-permite-anotar-condicao-de-doador-de-orgaos-entenda\/","title":{"rendered":"Nova Carteira de Identidade permite anotar condi\u00e7\u00e3o de doador de \u00f3rg\u00e3os; entenda"},"content":{"rendered":"<div class=\"imais-before-content-placement\" id=\"imais-2683240730\"><script async src=\"\/\/pagead2.googlesyndication.com\/pagead\/js\/adsbygoogle.js?client=ca-pub-8787528412751566\" crossorigin=\"anonymous\"><\/script><ins class=\"adsbygoogle\" style=\"display:block;\" data-ad-client=\"ca-pub-8787528412751566\" \ndata-ad-slot=\"\" \ndata-ad-format=\"auto\"><\/ins>\n<script> \n(adsbygoogle = window.adsbygoogle || []).push({}); \n<\/script>\n<\/div>\n<h2 class=\"has-text-align-center wp-block-heading\">Documento entra em vigor nesta ter\u00e7a (1\u00b0); prazo para que os institutos de identifica\u00e7\u00e3o estejam aptos a emiti-lo vai at\u00e9 mar\u00e7o do ano que vem.<\/h2>\n\n\n\n<figure class=\"wp-block-image\"><img decoding=\"async\" src=\"https:\/\/s2.glbimg.com\/4cOu3Yq6Yx1pZUPqSmzCmxNpEIM=\/0x0:524x602\/984x0\/smart\/filters:strip_icc()\/i.s3.glbimg.com\/v1\/AUTH_59edd422c0c84a879bd37670ae4f538a\/internal_photos\/bs\/2022\/Y\/O\/4hMO57RxuwNVwBrgPKBQ\/whatsapp-image-2022-02-23-at-16.12.10.jpeg\" alt=\"Novo modelo da carteira de identidade anunciado pelo governo federal \u2014 Foto: MJ\/Divulga\u00e7\u00e3o\"\/><\/figure>\n\n\n\n<p>Novo modelo da carteira de identidade anunciado pelo governo federal \u2014 Foto: MJ\/Divulga\u00e7\u00e3o<\/p>\n\n\n\n<p>A\u00a0nova Carteira de Identidade, que passa a vigorar a partir desta ter\u00e7a-feira (1\u00b0), ter\u00e1 a possibilidade de identificar, no verso,<strong>\u00a0se a pessoa deseja doar \u00f3rg\u00e3os ap\u00f3s a morte<\/strong>.<\/p>\n\n\n\n<p>Segundo o\u00a0Minist\u00e9rio da Justi\u00e7a,\u00a0a pessoa precisar\u00e1 informar, na hora de fazer o novo documento, que quer a inclus\u00e3o desse dado.<\/p>\n\n\n\n<p>Ela tamb\u00e9m poder\u00e1 solicitar a\u00a0<strong>inclus\u00e3o do tipo sangu\u00edneo (A, B ou O)<\/strong>\u00a0e\u00a0<strong>fator RH<\/strong>\u00a0(positivo ou negativo), al\u00e9m de outros problemas de sa\u00fade &#8220;cuja divulga\u00e7\u00e3o possa contribuir para preservar a sua sa\u00fade ou salvar a sua vida&#8221;, de acordo com o decreto que autorizou a nova carteira.<\/p>\n\n\n\n<p>Mesmo com o novo documento, entretanto,&nbsp;<strong>ainda ser\u00e1 necess\u00e1rio que a pessoa informe a fam\u00edlia sobre a inten\u00e7\u00e3o de doar os \u00f3rg\u00e3os ap\u00f3s a morte<\/strong>. Isso porque&nbsp;<strong>a retirada e doa\u00e7\u00e3o de \u00f3rg\u00e3os e tecidos s\u00f3 pode ser feita com a autoriza\u00e7\u00e3o familiar<\/strong>, conforme a legisla\u00e7\u00e3o brasileira.<\/p>\n\n\n\n<blockquote class=\"wp-block-quote is-layout-flow wp-block-quote-is-layout-flow\"><p>&#8220;Se a fam\u00edlia autorizar, a\u00ed, sim, \u00e9 feita a doa\u00e7\u00e3o. \u00c9 fundamental as pessoas conversarem na fam\u00edlia o desejo delas de serem doadores&#8221;, explica o m\u00e9dico nefrologista Gustavo Fernandes Ferreira, presidente da Associa\u00e7\u00e3o Brasileira de Transplante de \u00d3rg\u00e3os (ABTO).<\/p><\/blockquote>\n\n\n\n<p><strong>Veja, abaixo, alguns detalhes sobre a doa\u00e7\u00e3o de \u00f3rg\u00e3os e como ela funciona no Brasil:<\/strong><\/p>\n\n\n\n<h2 class=\"wp-block-heading\"><strong>1) Quem pode doar?<\/strong><\/h2>\n\n\n\n<p><strong>Apenas pessoas que tiveram morte cerebral (encef\u00e1lica) podem doar \u00f3rg\u00e3os s\u00f3lidos<\/strong>, explica Gustavo Fernandes Ferreira, da ABTO.<\/p>\n\n\n\n<blockquote class=\"wp-block-quote is-layout-flow wp-block-quote-is-layout-flow\"><p>&#8220;Para ser doador de \u00f3rg\u00e3os s\u00f3lidos, voc\u00ea precisa de ter morte encef\u00e1lica. N\u00e3o \u00e9 qualquer jeito \u2013 tem que ser morte encef\u00e1lica, o cora\u00e7\u00e3o tem que estar batendo ainda&#8221;, diz o m\u00e9dico.<\/p><\/blockquote>\n\n\n\n<p>&#8220;[O paciente] j\u00e1 morreu, o c\u00e9rebro n\u00e3o funciona mais e nunca mais vai funcionar, ele est\u00e1 morto. Ele \u00e9 considerado morto, o atestado de \u00f3bito dele j\u00e1 est\u00e1 pronto \u2013 mas o cora\u00e7\u00e3o ainda est\u00e1 batendo, \u00e0s custas dos equipamentos, para dar o tempo da retirada dos \u00f3rg\u00e3os. Esse tempo s\u00e3o poucas horas que a gente tem para doar&#8221;, completa o especialista.<\/p>\n\n\n\n<p>J\u00e1<strong>&nbsp;a c\u00f3rnea pode ser doada por qualquer pessoa<\/strong>, independentemente de como foi a morte. Nesse caso, o cora\u00e7\u00e3o n\u00e3o precisa estar batendo. Para doar a medula, por outro lado, o doador precisa estar vivo.<\/p>\n\n\n\n<p>A pessoa tamb\u00e9m pode ser doadora ap\u00f3s a morte mesmo que tenha tido doen\u00e7as como diabetes, hipertens\u00e3o, doen\u00e7a de Chagas e hepatites B e C. Nesses casos, a sa\u00fade do \u00f3rg\u00e3o \u00e9 avaliada antes de a doa\u00e7\u00e3o ser feita (como acontece quando o paciente falecido n\u00e3o tinha essas doen\u00e7as).<\/p>\n\n\n\n<p>No caso das hepatites B e\u00a0<a href=\"https:\/\/g1.globo.com\/ciencia-e-saude\/noticia\/2020\/10\/05\/hepatite-c-uma-doenca-silenciosa-e-subdiagnosticada.ghtml\">C<\/a>, por exemplo, a doa\u00e7\u00e3o pode ser feita para um paciente que j\u00e1 tem a doen\u00e7a. At\u00e9 o f\u00edgado pode ser doado, desde que esteja em boas condi\u00e7\u00f5es.<\/p>\n\n\n\n<h2 class=\"wp-block-heading\">2) Existe algo que impe\u00e7a algu\u00e9m de doar um \u00f3rg\u00e3o?<\/h2>\n\n\n\n<p>Existem poucos impedimentos para ser doador ap\u00f3s a morte, segundo Gustavo Ferreira:&nbsp;<strong>HIV<\/strong>,&nbsp;<strong>c\u00e2ncer&nbsp;<\/strong>e&nbsp;<strong>infec\u00e7\u00e3o severa no \u00f3rg\u00e3o que vai ser doado<\/strong>&nbsp;s\u00e3o alguns deles.<\/p>\n\n\n\n<p>&#8220;Se meu parente est\u00e1 com uma infec\u00e7\u00e3o no rim ativa grave, normalmente ele n\u00e3o pode ser doador. A mesma coisa o pulm\u00e3o, o cora\u00e7\u00e3o ou o f\u00edgado&#8221;, explica o m\u00e9dico.<\/p>\n\n\n\n<p>No caso do HIV, o transplante n\u00e3o pode ser feito mesmo que as duas pessoas tenham o v\u00edrus. (Nos Estados Unidos, isso j\u00e1 foi feito).<\/p>\n\n\n\n<p>No caso de pacientes que morrem de Covid, uma nota t\u00e9cnica do\u00a0Minist\u00e9rio da Sa\u00fade, de 2020, determina que h\u00e1 uma contraindica\u00e7\u00e3o &#8220;absoluta&#8221; para doa\u00e7\u00e3o de \u00f3rg\u00e3os e tecidos em caso de teste positivo para a doen\u00e7a.<\/p>\n\n\n\n<h2 class=\"wp-block-heading\"><strong>3) Quais \u00f3rg\u00e3os podem ser doados?<\/strong><\/h2>\n\n\n\n<ul class=\"wp-block-list\"><li><strong>Cora\u00e7\u00e3o<\/strong><\/li><li><strong>F\u00edgado&nbsp;<\/strong>(<em>pode ser doado em vida)<\/em><\/li><li><strong>Intestino<\/strong><\/li><li><strong>P\u00e2ncreas<\/strong><\/li><li><strong>Pulm\u00e3o<\/strong><\/li><li><strong>Rim&nbsp;<\/strong>(<em>pode ser doado em vida<\/em>)<\/li><li><strong>C\u00f3rnea&nbsp;<\/strong>(tecido)<\/li><li><strong>Multivisceral<\/strong><\/li><li><strong>Medula<\/strong>* (*<em>s\u00f3 pode ser doada em vida; procedimento \u00e9 de baixo risco<\/em>)<\/li><\/ul>\n\n\n\n<p>O\u00a0<strong>rim\u00a0<\/strong>e o\u00a0<strong>f\u00edgado\u00a0<\/strong>s\u00e3o os \u00f3rg\u00e3os mais doados; os transplantes menos frequentes s\u00e3o os de intestino, multivisceral e de pulm\u00e3o, segundo a ABTO (<em>veja gr\u00e1fico abaixo<\/em>).Transplantes de \u00f3rg\u00e3os s\u00f3lidos e tecidos no Brasil <\/p>\n\n\n\n<p>Cada \u00f3rg\u00e3o tem um tempo m\u00e1ximo diferente para ser retirado e doado a um receptor: esse&nbsp;<strong>tempo \u00e9 chamado de tempo de isquemia fria<\/strong>. Para cora\u00e7\u00e3o e pulm\u00e3o, por exemplo, o prazo \u00e9 de 6 a 8 horas. Para o f\u00edgado, de at\u00e9 12 horas. Para o rim, 24 horas.<\/p>\n\n\n\n<p>Ferreira afirma que&nbsp;o \u00f3rg\u00e3o mais dif\u00edcil de encontrar \u00e9 o pulm\u00e3o&nbsp;\u2013 porque depende de fatores adicionais, como o tamanho do doador e do receptor, que precisam ser compat\u00edveis. O cora\u00e7\u00e3o tem o mesmo problema. J\u00e1 o transplante de intestino, apesar de j\u00e1 ter sido feito no pa\u00eds, ainda \u00e9 inicial.<\/p>\n\n\n\n<h2 class=\"wp-block-heading\">4) Como funciona a fila de transplantes?<\/h2>\n\n\n\n<p>No Brasil, quase todos os transplantes s\u00e3o feitos pelo<a href=\"https:\/\/g1.globo.com\/tudo-sobre\/sus\/\">&nbsp;SU<\/a><a href=\"https:\/\/g1.globo.com\/tudo-sobre\/sus\/\">S<\/a>. Quem precisa de um \u00f3rg\u00e3o \u00e9 cadastrado em uma lista nacional de espera, que \u00e9 separada de acordo com o estado e a regi\u00e3o onde a pessoa est\u00e1.<\/p>\n\n\n\n<p>V\u00e1rios fatores s\u00e3o considerados na ordem de prioridade:&nbsp;<strong>localiza\u00e7\u00e3o<\/strong>,&nbsp;<strong>compatibilidade ou<\/strong>&nbsp;<strong>gravidade&nbsp;<\/strong>e&nbsp;<strong>tempo de fila<\/strong>:<\/p>\n\n\n\n<ul class=\"wp-block-list\"><li><strong>Localiza\u00e7\u00e3o:<\/strong><\/li><\/ul>\n\n\n\n<p>&#8220;Se morrer algu\u00e9m em S\u00e3o Paulo [capital] hoje, esse \u00f3rg\u00e3o vai ser disponibilizado para a macrorregi\u00e3o de S\u00e3o Paulo [capital]. O estado inteiro tem quatro macrorregi\u00f5es: se n\u00e3o tiver nenhum receptor nessa macrorregi\u00e3o, vai para o estado inteiro. Se n\u00e3o tiver ningu\u00e9m no estado, vai para o Brasil inteiro&#8221;, explica Gustavo Ferreira.<\/p>\n\n\n\n<ul class=\"wp-block-list\"><li><strong>Compatibilidade ou gravidade:<\/strong><\/li><\/ul>\n\n\n\n<p>Cada \u00f3rg\u00e3o tem seu pr\u00f3prio crit\u00e9rio de aloca\u00e7\u00e3o: no caso do&nbsp;<strong>rim<\/strong>, por exemplo, o crit\u00e9rio \u00e9 a&nbsp;<strong>compatibilidade imunol\u00f3gica.&nbsp;<\/strong>Quem for mais compat\u00edvel ser\u00e1 o primeiro da lista. No&nbsp;<strong>f\u00edgado<\/strong>, o crit\u00e9rio \u00e9 a&nbsp;<strong>gravidade<\/strong>: &#8220;quanto mais grave o paciente, mais no topo da lista ele fica&#8221;, diz o m\u00e9dico.<\/p>\n\n\n\n<p>Al\u00e9m disso, cada poss\u00edvel receptor tamb\u00e9m aguarda na fila compat\u00edvel com o seu pr\u00f3prio tipo sangu\u00edneo: pacientes AB recebem de pacientes AB, O recebem de O, e assim por diante.<\/p>\n\n\n\n<ul class=\"wp-block-list\"><li><strong>Tempo de fila<\/strong>:<\/li><\/ul>\n\n\n\n<p>Se todos os outros crit\u00e9rios ficarem empatados entre duas pessoas compat\u00edveis ou igualmente graves na lista,\u00a0o tempo de espera \u00e9 que vai desempatar: quem estiver h\u00e1 mais tempo na fila recebe o \u00f3rg\u00e3o.<\/p>\n\n\n\n<p>Fonte G1<\/p>\n","protected":false},"excerpt":{"rendered":"<p>Documento entra em vigor nesta ter\u00e7a (1\u00b0); prazo para que os institutos de identifica\u00e7\u00e3o estejam aptos a emiti-lo vai at\u00e9 mar\u00e7o do ano que vem. Novo modelo da carteira de identidade anunciado pelo governo federal \u2014 Foto: MJ\/Divulga\u00e7\u00e3o A\u00a0nova Carteira de Identidade, que passa a vigorar a partir desta ter\u00e7a-feira (1\u00b0), ter\u00e1 a possibilidade de [&hellip;]<\/p>\n","protected":false},"author":8,"featured_media":4592,"comment_status":"closed","ping_status":"open","sticky":false,"template":"","format":"standard","meta":{"rop_custom_images_group":[],"rop_custom_messages_group":[],"rop_publish_now":"initial","rop_publish_now_accounts":[],"rop_publish_now_history":[],"rop_publish_now_status":"pending","footnotes":""},"categories":[189],"tags":[],"class_list":["post-4591","post","type-post","status-publish","format-standard","has-post-thumbnail","hentry","category-brasil"],"amp_enabled":true,"_links":{"self":[{"href":"https:\/\/imais.online\/portal\/wp-json\/wp\/v2\/posts\/4591","targetHints":{"allow":["GET"]}}],"collection":[{"href":"https:\/\/imais.online\/portal\/wp-json\/wp\/v2\/posts"}],"about":[{"href":"https:\/\/imais.online\/portal\/wp-json\/wp\/v2\/types\/post"}],"author":[{"embeddable":true,"href":"https:\/\/imais.online\/portal\/wp-json\/wp\/v2\/users\/8"}],"replies":[{"embeddable":true,"href":"https:\/\/imais.online\/portal\/wp-json\/wp\/v2\/comments?post=4591"}],"version-history":[{"count":2,"href":"https:\/\/imais.online\/portal\/wp-json\/wp\/v2\/posts\/4591\/revisions"}],"predecessor-version":[{"id":4594,"href":"https:\/\/imais.online\/portal\/wp-json\/wp\/v2\/posts\/4591\/revisions\/4594"}],"wp:featuredmedia":[{"embeddable":true,"href":"https:\/\/imais.online\/portal\/wp-json\/wp\/v2\/media\/4592"}],"wp:attachment":[{"href":"https:\/\/imais.online\/portal\/wp-json\/wp\/v2\/media?parent=4591"}],"wp:term":[{"taxonomy":"category","embeddable":true,"href":"https:\/\/imais.online\/portal\/wp-json\/wp\/v2\/categories?post=4591"},{"taxonomy":"post_tag","embeddable":true,"href":"https:\/\/imais.online\/portal\/wp-json\/wp\/v2\/tags?post=4591"}],"curies":[{"name":"wp","href":"https:\/\/api.w.org\/{rel}","templated":true}]}}