{"id":4628,"date":"2022-03-03T14:38:09","date_gmt":"2022-03-03T17:38:09","guid":{"rendered":"https:\/\/imais.online\/portal\/?p=4628"},"modified":"2022-03-03T14:38:10","modified_gmt":"2022-03-03T17:38:10","slug":"analise-uso-de-mascaras-necessidade-ou-teatro","status":"publish","type":"post","link":"https:\/\/imais.online\/portal\/analise-uso-de-mascaras-necessidade-ou-teatro\/","title":{"rendered":"An\u00e1lise \u2013 Uso de m\u00e1scaras: necessidade ou teatro?"},"content":{"rendered":"<div class=\"imais-before-content-placement\" id=\"imais-131117458\"><script async src=\"\/\/pagead2.googlesyndication.com\/pagead\/js\/adsbygoogle.js?client=ca-pub-8787528412751566\" crossorigin=\"anonymous\"><\/script><ins class=\"adsbygoogle\" style=\"display:block;\" data-ad-client=\"ca-pub-8787528412751566\" \ndata-ad-slot=\"\" \ndata-ad-format=\"auto\"><\/ins>\n<script> \n(adsbygoogle = window.adsbygoogle || []).push({}); \n<\/script>\n<\/div>\n<h2 class=\"has-text-align-center wp-block-heading\">A esta altura da pandemia, onde n\u00e3o houve distanciamento ou m\u00e1scaras durante todo o Carnaval, como ficar\u00e3o as medidas restritivas?<\/h2>\n\n\n\n<p>Nos \u00faltimos dias, a velha imprensa substituiu a palavra pandemia por folia, aglomera\u00e7\u00e3o por comemora\u00e7\u00e3o, e m\u00e1scara por fantasia. E os pol\u00edticos, que n\u00e3o perdem nenhuma oportunidade de mostrar o quanto s\u00e3o incoerentes \u2013 ou hip\u00f3critas mesmo \u2013, n\u00e3o economizaram em suas declara\u00e7\u00f5es.<\/p>\n\n\n\n<p>H\u00e1 menos de um ano, Alexandre Kalil, prefeito de Belo Horizonte, imp\u00f4s duras restri\u00e7\u00f5es ao com\u00e9rcio e apertou o cerco multando em mais de R$ 18 mil quem ousasse trabalhar. Por\u00e9m, a respeito do Carnaval de rua, mudou totalmente de opini\u00e3o.\u00a0<\/p>\n\n\n\n<p>\u201cEstamos em uma democracia. J\u00e1 pensou se eu fosse prender quem sai de abad\u00e1 e batendo tambor na rua?&#8221;, questionou Kalil, e acrescentou: \u201cN\u00e3o temos autoridade para proibir que ningu\u00e9m saia na rua\u201d.<\/p>\n\n\n\n<p>Eduardo Paes, prefeito do Rio, est\u00e1 h\u00e1 meses \u00e0s voltas com a exig\u00eancia do passaporte sanit\u00e1rio. Ora decreta obrigatoriedade, ora volta atr\u00e1s. O que \u00e9 certo \u00e9 que, embora Paes tenha anunciado desde dezembro o cancelamento dos blocos de rua, eles estavam l\u00e1, firmes, fortes, com muita aglomera\u00e7\u00e3o e sem nenhuma necessidade de m\u00e1scara ou passaporte.<\/p>\n\n\n\n<p>Al\u00e9m dessas inexplic\u00e1veis mudan\u00e7as de posicionamento, vale lembrar a quantidade de pol\u00edticos flagrados em festas, praias e curtindo a vida dentro e fora do pa\u00eds depois de trancar a popula\u00e7\u00e3o sem o menor crit\u00e9rio. O mesmo ocorreu com artistas e celebridades que se esgoelavam nas redes sociais mandando os outros ficarem em casa, mas foram pegos em todo tipo de aglomera\u00e7\u00e3o, sem nem lembrar que m\u00e1scara existe.<\/p>\n\n\n\n<p>Por outro lado, Ron DeSantis, governador da Fl\u00f3rida, demonstrou estar farto do que chamou de \u201cteatro da Covid\u201d. Algumas horas atr\u00e1s, antes de se pronunciar em um evento na Universidade do Sul da Fl\u00f3rida, DeSantis se dirigiu aos alunos que estavam pr\u00f3ximos a ele: \u201cVoc\u00eas n\u00e3o precisam usar essas m\u00e1scaras. Por favor, tirem. Honestamente, elas n\u00e3o est\u00e3o fazendo nada. Temos que parar com esse teatro da Covid. Se querem usar, tudo bem, mas isso \u00e9 rid\u00edculo\u201d.<\/p>\n\n\n\n<p>A esta altura da pandemia, quando j\u00e1 ficou bem claro que a imposi\u00e7\u00e3o de restri\u00e7\u00f5es n\u00e3o recai sobre todos, mas apenas sobre alguns, \u00e9 de se questionar se tudo isso que estamos vendo e vivendo \u00e9 realmente em prol da sa\u00fade ou se n\u00e3o passa de um teatrinho que, h\u00e1 muito tempo, j\u00e1 perdeu a gra\u00e7a.<\/p>\n\n\n\n<p>Fonte Patricia Lages<\/p>\n","protected":false},"excerpt":{"rendered":"<p>A esta altura da pandemia, onde n\u00e3o houve distanciamento ou m\u00e1scaras durante todo o Carnaval, como ficar\u00e3o as medidas restritivas? Nos \u00faltimos dias, a velha imprensa substituiu a palavra pandemia por folia, aglomera\u00e7\u00e3o por comemora\u00e7\u00e3o, e m\u00e1scara por fantasia. E os pol\u00edticos, que n\u00e3o perdem nenhuma oportunidade de mostrar o quanto s\u00e3o incoerentes \u2013 ou [&hellip;]<\/p>\n","protected":false},"author":8,"featured_media":4629,"comment_status":"closed","ping_status":"open","sticky":false,"template":"","format":"standard","meta":{"rop_custom_images_group":[],"rop_custom_messages_group":[],"rop_publish_now":"initial","rop_publish_now_accounts":[],"rop_publish_now_history":[],"rop_publish_now_status":"pending","footnotes":""},"categories":[189],"tags":[],"class_list":["post-4628","post","type-post","status-publish","format-standard","has-post-thumbnail","hentry","category-brasil"],"amp_enabled":true,"_links":{"self":[{"href":"https:\/\/imais.online\/portal\/wp-json\/wp\/v2\/posts\/4628","targetHints":{"allow":["GET"]}}],"collection":[{"href":"https:\/\/imais.online\/portal\/wp-json\/wp\/v2\/posts"}],"about":[{"href":"https:\/\/imais.online\/portal\/wp-json\/wp\/v2\/types\/post"}],"author":[{"embeddable":true,"href":"https:\/\/imais.online\/portal\/wp-json\/wp\/v2\/users\/8"}],"replies":[{"embeddable":true,"href":"https:\/\/imais.online\/portal\/wp-json\/wp\/v2\/comments?post=4628"}],"version-history":[{"count":1,"href":"https:\/\/imais.online\/portal\/wp-json\/wp\/v2\/posts\/4628\/revisions"}],"predecessor-version":[{"id":4630,"href":"https:\/\/imais.online\/portal\/wp-json\/wp\/v2\/posts\/4628\/revisions\/4630"}],"wp:featuredmedia":[{"embeddable":true,"href":"https:\/\/imais.online\/portal\/wp-json\/wp\/v2\/media\/4629"}],"wp:attachment":[{"href":"https:\/\/imais.online\/portal\/wp-json\/wp\/v2\/media?parent=4628"}],"wp:term":[{"taxonomy":"category","embeddable":true,"href":"https:\/\/imais.online\/portal\/wp-json\/wp\/v2\/categories?post=4628"},{"taxonomy":"post_tag","embeddable":true,"href":"https:\/\/imais.online\/portal\/wp-json\/wp\/v2\/tags?post=4628"}],"curies":[{"name":"wp","href":"https:\/\/api.w.org\/{rel}","templated":true}]}}