{"id":4703,"date":"2022-03-07T13:26:52","date_gmt":"2022-03-07T16:26:52","guid":{"rendered":"https:\/\/imais.online\/portal\/?p=4703"},"modified":"2022-03-07T13:26:54","modified_gmt":"2022-03-07T16:26:54","slug":"cidade-do-rio-de-janeiro-suspende-uso-de-mascara-a-partir-de-amanha","status":"publish","type":"post","link":"https:\/\/imais.online\/portal\/cidade-do-rio-de-janeiro-suspende-uso-de-mascara-a-partir-de-amanha\/","title":{"rendered":"Cidade do Rio de Janeiro suspende uso de m\u00e1scara a partir de amanh\u00e3"},"content":{"rendered":"<div class=\"imais-before-content-placement\" id=\"imais-4079637383\"><script async src=\"\/\/pagead2.googlesyndication.com\/pagead\/js\/adsbygoogle.js?client=ca-pub-8787528412751566\" crossorigin=\"anonymous\"><\/script><ins class=\"adsbygoogle\" style=\"display:block;\" data-ad-client=\"ca-pub-8787528412751566\" \ndata-ad-slot=\"\" \ndata-ad-format=\"auto\"><\/ins>\n<script> \n(adsbygoogle = window.adsbygoogle || []).push({}); \n<\/script>\n<\/div>\n<h3 class=\"has-text-align-center wp-block-heading\">Decreto ser\u00e1 publicado no Di\u00e1rio Oficial do munic\u00edpio<\/h3>\n\n\n\n<p>O munic\u00edpio do Rio de Janeiro vai abolir, a partir de amanh\u00e3 (8), o uso de m\u00e1scaras em locais abertos e fechados. A decis\u00e3o partiu de uma recomenda\u00e7\u00e3o do Comit\u00ea Cient\u00edfico da prefeitura, em reuni\u00e3o esta manh\u00e3. Em seu perfil no Twitter, o prefeito Eduardo Paes anunciou que a medida ser\u00e1 publicada na edi\u00e7\u00e3o do Di\u00e1rio Oficial do munic\u00edpio. \u201cCumprindo as determina\u00e7\u00f5es do Comit\u00ea Cient\u00edfico amanh\u00e3 sai decreto acabando com a obrigatoriedade de m\u00e1scaras em espa\u00e7os abertos e fechados\u201d, escreveu na rede social.<img decoding=\"async\" src=\"https:\/\/agenciabrasil.ebc.com.br\/ebc.png?id=1446626&amp;o=node\"><img decoding=\"async\" src=\"https:\/\/agenciabrasil.ebc.com.br\/ebc.gif?id=1446626&amp;o=node\"><\/p>\n\n\n\n<p>Na mensagem, Paes acrescentou que tamb\u00e9m em tr\u00eas semanas n\u00e3o ser\u00e1 mais necess\u00e1ria a apresenta\u00e7\u00e3o do passaporte de vacina\u00e7\u00e3o. Junto \u00e0s duas medidas, a prefeitura vai incentivar a vacina\u00e7\u00e3o das doses de refor\u00e7o. \u201cCom um esfor\u00e7o para vacinar aqueles que podem tomar dose de refor\u00e7o, em 3 semanas acabamos tb com o passaporte\u201d, informou.<\/p>\n\n\n\n<p>Na quinta-feira (3), um decreto do governador Cl\u00e1udio Castro, publicado no Di\u00e1rio Oficial,\u00a0suspendeu o uso de m\u00e1scara de prote\u00e7\u00e3o contra a covid-19\u00a0no estado do Rio de Janeiro, deixando a decis\u00e3o para cada munic\u00edpio. No entendimento do governo estadual, as melhoras sucessivas no cen\u00e1rio epidemiol\u00f3gico da doen\u00e7a no estado permitem o fim da obrigatoriedade.<\/p>\n\n\n\n<p>O governo fluminense levou ainda em considera\u00e7\u00e3o a elevada cobertura vacinal contra a covid-19 no estado e o avan\u00e7o da imuniza\u00e7\u00e3o para todas as faixas et\u00e1rias maiores de 5 anos de idade nos 92 munic\u00edpios fluminenses.<\/p>\n\n\n\n<p>Por Cristina Indio do Brasil &#8211; Rep\u00f3rter da Ag\u00eancia Brasil &#8211; Rio de Janeiro<\/p>\n","protected":false},"excerpt":{"rendered":"<p>Decreto ser\u00e1 publicado no Di\u00e1rio Oficial do munic\u00edpio O munic\u00edpio do Rio de Janeiro vai abolir, a partir de amanh\u00e3 (8), o uso de m\u00e1scaras em locais abertos e fechados. A decis\u00e3o partiu de uma recomenda\u00e7\u00e3o do Comit\u00ea Cient\u00edfico da prefeitura, em reuni\u00e3o esta manh\u00e3. Em seu perfil no Twitter, o prefeito Eduardo Paes anunciou [&hellip;]<\/p>\n","protected":false},"author":8,"featured_media":4704,"comment_status":"closed","ping_status":"open","sticky":false,"template":"","format":"standard","meta":{"rop_custom_images_group":[],"rop_custom_messages_group":[],"rop_publish_now":"initial","rop_publish_now_accounts":[],"rop_publish_now_history":[],"rop_publish_now_status":"pending","footnotes":""},"categories":[190],"tags":[73],"class_list":["post-4703","post","type-post","status-publish","format-standard","has-post-thumbnail","hentry","category-covid","tag-featured"],"amp_enabled":true,"_links":{"self":[{"href":"https:\/\/imais.online\/portal\/wp-json\/wp\/v2\/posts\/4703","targetHints":{"allow":["GET"]}}],"collection":[{"href":"https:\/\/imais.online\/portal\/wp-json\/wp\/v2\/posts"}],"about":[{"href":"https:\/\/imais.online\/portal\/wp-json\/wp\/v2\/types\/post"}],"author":[{"embeddable":true,"href":"https:\/\/imais.online\/portal\/wp-json\/wp\/v2\/users\/8"}],"replies":[{"embeddable":true,"href":"https:\/\/imais.online\/portal\/wp-json\/wp\/v2\/comments?post=4703"}],"version-history":[{"count":1,"href":"https:\/\/imais.online\/portal\/wp-json\/wp\/v2\/posts\/4703\/revisions"}],"predecessor-version":[{"id":4705,"href":"https:\/\/imais.online\/portal\/wp-json\/wp\/v2\/posts\/4703\/revisions\/4705"}],"wp:featuredmedia":[{"embeddable":true,"href":"https:\/\/imais.online\/portal\/wp-json\/wp\/v2\/media\/4704"}],"wp:attachment":[{"href":"https:\/\/imais.online\/portal\/wp-json\/wp\/v2\/media?parent=4703"}],"wp:term":[{"taxonomy":"category","embeddable":true,"href":"https:\/\/imais.online\/portal\/wp-json\/wp\/v2\/categories?post=4703"},{"taxonomy":"post_tag","embeddable":true,"href":"https:\/\/imais.online\/portal\/wp-json\/wp\/v2\/tags?post=4703"}],"curies":[{"name":"wp","href":"https:\/\/api.w.org\/{rel}","templated":true}]}}