{"id":4709,"date":"2022-03-07T13:30:17","date_gmt":"2022-03-07T16:30:17","guid":{"rendered":"https:\/\/imais.online\/portal\/?p=4709"},"modified":"2022-03-07T13:30:19","modified_gmt":"2022-03-07T16:30:19","slug":"varejo-ganhou-mais-204-mil-lojas-em-2021-diz-cnc","status":"publish","type":"post","link":"https:\/\/imais.online\/portal\/varejo-ganhou-mais-204-mil-lojas-em-2021-diz-cnc\/","title":{"rendered":"Varejo ganhou mais 204 mil lojas em 2021, diz CNC"},"content":{"rendered":"<div class=\"imais-before-content-placement\" id=\"imais-150901917\"><script async src=\"\/\/pagead2.googlesyndication.com\/pagead\/js\/adsbygoogle.js?client=ca-pub-8787528412751566\" crossorigin=\"anonymous\"><\/script><ins class=\"adsbygoogle\" style=\"display:block;\" data-ad-client=\"ca-pub-8787528412751566\" \ndata-ad-slot=\"\" \ndata-ad-format=\"auto\"><\/ins>\n<script> \n(adsbygoogle = window.adsbygoogle || []).push({}); \n<\/script>\n<\/div>\n<h3 class=\"wp-block-heading\">Com\u00e9rcio fechou 2021 com 2,4 milh\u00f5es de estabelecimentos ativos<\/h3>\n\n\n\n<p>O com\u00e9rcio varejista brasileiro fechou 2021 com 2,4 milh\u00f5es de estabelecimentos ativos. O balan\u00e7o, da Confedera\u00e7\u00e3o Nacional do Com\u00e9rcio de Bens, Servi\u00e7os e Turismo (CNC), mostra um saldo de 204,4 mil lojas a mais do que no ano anterior.<img decoding=\"async\" src=\"https:\/\/agenciabrasil.ebc.com.br\/ebc.png?id=1446616&amp;o=node\"><img decoding=\"async\" src=\"https:\/\/agenciabrasil.ebc.com.br\/ebc.gif?id=1446616&amp;o=node\"><\/p>\n\n\n\n<p>Balan\u00e7o divulgado em mar\u00e7o do ano passado pela CNC mostrou que, em 2020, o varejo brasileiro havia contabilizado a perda de 75 mil lojas.<\/p>\n\n\n\n<p>Em 2021, as microempresas responderam por 77,4% do saldo positivo do ano, com 158,23 mil novos estabelecimentos. As pequenas empresas, com 29,99 mil novas lojas, responderam por 14,7% do saldo positivo.<\/p>\n\n\n\n<p>Entre as atividades, os super e minimercados ganharam 54&nbsp;mil lojas; utilidades&nbsp;dom\u00e9sticas e eletroeletr\u00f4nicos, 38,7&nbsp;mil; e vestu\u00e1rio, cal\u00e7ados e acess\u00f3rios, 28,3&nbsp;mil.<\/p>\n\n\n\n<p>Quatro estados responderam por mais da metade da abertura de lojas: S\u00e3o Paulo (55,6&nbsp;mil), Minas Gerais (18,3&nbsp;mil), Paran\u00e1 (15,1&nbsp;mil) e Rio&nbsp;de Janeiro&nbsp;(14,1 mil).<\/p>\n\n\n\n<p>&#8220;A flexibiliza\u00e7\u00e3o das restri\u00e7\u00f5es impostas ao varejo em diversos estados e munic\u00edpios, especialmente ap\u00f3s o fim da&nbsp;segunda&nbsp;onda da pandemia, e o avan\u00e7o da vacina\u00e7\u00e3o, contribu\u00edram para a tend\u00eancia de aumento da circula\u00e7\u00e3o de consumidores e, certamente, estimulou o movimento de reabertura de estabelecimentos comerciais&#8221;, explicou o presidente da CNC, Jos\u00e9 Roberto Tadros, por meio de nota \u00e0 imprensa.<\/p>\n\n\n\n<p>Segundo a CNC, o faturamento real do setor cresceu 4,5% de 2020 para 2021, o maior avan\u00e7o anual desde 2018. De 2019 para 2020, o segmento registrou\u00a0uma queda de 1,4%.<\/p>\n\n\n\n<p>Por Vitor Abdala &#8211; Rep\u00f3rter da Ag\u00eancia Brasil &#8211; Rio de Janeiro<\/p>\n","protected":false},"excerpt":{"rendered":"<p>Com\u00e9rcio fechou 2021 com 2,4 milh\u00f5es de estabelecimentos ativos O com\u00e9rcio varejista brasileiro fechou 2021 com 2,4 milh\u00f5es de estabelecimentos ativos. O balan\u00e7o, da Confedera\u00e7\u00e3o Nacional do Com\u00e9rcio de Bens, Servi\u00e7os e Turismo (CNC), mostra um saldo de 204,4 mil lojas a mais do que no ano anterior. Balan\u00e7o divulgado em mar\u00e7o do ano passado [&hellip;]<\/p>\n","protected":false},"author":8,"featured_media":4710,"comment_status":"closed","ping_status":"open","sticky":false,"template":"","format":"standard","meta":{"rop_custom_images_group":[],"rop_custom_messages_group":[],"rop_publish_now":"initial","rop_publish_now_accounts":[],"rop_publish_now_history":[],"rop_publish_now_status":"pending","footnotes":""},"categories":[192],"tags":[],"class_list":["post-4709","post","type-post","status-publish","format-standard","has-post-thumbnail","hentry","category-economia"],"amp_enabled":true,"_links":{"self":[{"href":"https:\/\/imais.online\/portal\/wp-json\/wp\/v2\/posts\/4709","targetHints":{"allow":["GET"]}}],"collection":[{"href":"https:\/\/imais.online\/portal\/wp-json\/wp\/v2\/posts"}],"about":[{"href":"https:\/\/imais.online\/portal\/wp-json\/wp\/v2\/types\/post"}],"author":[{"embeddable":true,"href":"https:\/\/imais.online\/portal\/wp-json\/wp\/v2\/users\/8"}],"replies":[{"embeddable":true,"href":"https:\/\/imais.online\/portal\/wp-json\/wp\/v2\/comments?post=4709"}],"version-history":[{"count":1,"href":"https:\/\/imais.online\/portal\/wp-json\/wp\/v2\/posts\/4709\/revisions"}],"predecessor-version":[{"id":4711,"href":"https:\/\/imais.online\/portal\/wp-json\/wp\/v2\/posts\/4709\/revisions\/4711"}],"wp:featuredmedia":[{"embeddable":true,"href":"https:\/\/imais.online\/portal\/wp-json\/wp\/v2\/media\/4710"}],"wp:attachment":[{"href":"https:\/\/imais.online\/portal\/wp-json\/wp\/v2\/media?parent=4709"}],"wp:term":[{"taxonomy":"category","embeddable":true,"href":"https:\/\/imais.online\/portal\/wp-json\/wp\/v2\/categories?post=4709"},{"taxonomy":"post_tag","embeddable":true,"href":"https:\/\/imais.online\/portal\/wp-json\/wp\/v2\/tags?post=4709"}],"curies":[{"name":"wp","href":"https:\/\/api.w.org\/{rel}","templated":true}]}}