{"id":4764,"date":"2022-03-08T14:15:07","date_gmt":"2022-03-08T17:15:07","guid":{"rendered":"https:\/\/imais.online\/portal\/?p=4764"},"modified":"2022-03-08T14:15:08","modified_gmt":"2022-03-08T17:15:08","slug":"tira-duvidas-ir-2022-rendimento-nao-tributavel-tem-que-ser-declarado","status":"publish","type":"post","link":"https:\/\/imais.online\/portal\/tira-duvidas-ir-2022-rendimento-nao-tributavel-tem-que-ser-declarado\/","title":{"rendered":"Tira-d\u00favidas IR 2022: rendimento n\u00e3o tribut\u00e1vel tem que ser declarado?"},"content":{"rendered":"<div class=\"imais-before-content-placement\" id=\"imais-1230392492\"><script async src=\"\/\/pagead2.googlesyndication.com\/pagead\/js\/adsbygoogle.js?client=ca-pub-8787528412751566\" crossorigin=\"anonymous\"><\/script><ins class=\"adsbygoogle\" style=\"display:block;\" data-ad-client=\"ca-pub-8787528412751566\" \ndata-ad-slot=\"\" \ndata-ad-format=\"auto\"><\/ins>\n<script> \n(adsbygoogle = window.adsbygoogle || []).push({}); \n<\/script>\n<\/div>\n<h2 class=\"wp-block-heading\">Leitores podem enviar perguntas por email ou pelas redes sociais do R7, que ser\u00e3o respondidas em parceria com o CRCSP<\/h2>\n\n\n\n<p>O\u00a0<strong>R7<\/strong>, em parceria com o CRCSP (Conselho Regional de Contabilidade do Estado de S\u00e3o Paulo), responde a d\u00favidas dos leitores sobre o\u00a0<strong>IR 2022<\/strong>. Para participar, basta enviar a pergunta por email\u00a0\u2013 economia-R7@sp.r7.com\u00a0\u2013 ou pelas redes sociais do\u00a0<strong>R7\u00a0<\/strong>\u2013\u00a0Facebook ou Instagram. O prazo para a entrega da declara\u00e7\u00e3o termina no dia 29 de abril.<\/p>\n\n\n\n<p><strong>Pergunta:\u00a0<\/strong><em>Tive rendimentos em torno de R$ 38 mil no ano de 2021, entretanto parte desses recebimentos n\u00e3o foi tributada. Em outras palavras, o meu sal\u00e1rio n\u00e3o teve nenhuma contribui\u00e7\u00e3o ao IRRF (Imposto sobre Renda Retido na Fonte) de janeiro a maio de 2021, somente a partir de junho. Se eu separar o que foi tributado, n\u00e3o chega ao valor de R$ 28 mil. Devo mesmo assim realizar a declara\u00e7\u00e3o neste ano?<\/em>\u00a0<em>(Do leitor Guilherme Arruda)<\/em><\/p>\n\n\n\n<p><strong>Resposta:<\/strong>\u00a0Sim, voc\u00ea deve entregar a declara\u00e7\u00e3o de imposto de renda. Todos com rendimentos tribut\u00e1veis superiores a R$ 28.559,70 devem ser declarados. Voc\u00ea n\u00e3o ter sido retido (IRRF) n\u00e3o significa que sua renda n\u00e3o seja tribut\u00e1vel. Fa\u00e7a a declara\u00e7\u00e3o e registre os rendimentos de acordo com seu informe.<\/p>\n\n\n\n<figure class=\"wp-block-image is-resized\"><img loading=\"lazy\" decoding=\"async\" src=\"https:\/\/img.r7.com\/images\/arte-do-ir-2022-imposto-de-renda-2022-03032022115204988\" alt=\"\" width=\"661\" height=\"2197\" title=\"\"\/><figcaption> ARTE\/R7 <\/figcaption><\/figure>\n\n\n\n<p>Fonte R7<\/p>\n","protected":false},"excerpt":{"rendered":"<p>Leitores podem enviar perguntas por email ou pelas redes sociais do R7, que ser\u00e3o respondidas em parceria com o CRCSP O\u00a0R7, em parceria com o CRCSP (Conselho Regional de Contabilidade do Estado de S\u00e3o Paulo), responde a d\u00favidas dos leitores sobre o\u00a0IR 2022. Para participar, basta enviar a pergunta por email\u00a0\u2013 economia-R7@sp.r7.com\u00a0\u2013 ou pelas redes [&hellip;]<\/p>\n","protected":false},"author":8,"featured_media":4765,"comment_status":"closed","ping_status":"open","sticky":false,"template":"","format":"standard","meta":{"rop_custom_images_group":[],"rop_custom_messages_group":[],"rop_publish_now":"initial","rop_publish_now_accounts":[],"rop_publish_now_history":[],"rop_publish_now_status":"pending","footnotes":""},"categories":[192],"tags":[],"class_list":["post-4764","post","type-post","status-publish","format-standard","has-post-thumbnail","hentry","category-economia"],"amp_enabled":true,"_links":{"self":[{"href":"https:\/\/imais.online\/portal\/wp-json\/wp\/v2\/posts\/4764","targetHints":{"allow":["GET"]}}],"collection":[{"href":"https:\/\/imais.online\/portal\/wp-json\/wp\/v2\/posts"}],"about":[{"href":"https:\/\/imais.online\/portal\/wp-json\/wp\/v2\/types\/post"}],"author":[{"embeddable":true,"href":"https:\/\/imais.online\/portal\/wp-json\/wp\/v2\/users\/8"}],"replies":[{"embeddable":true,"href":"https:\/\/imais.online\/portal\/wp-json\/wp\/v2\/comments?post=4764"}],"version-history":[{"count":1,"href":"https:\/\/imais.online\/portal\/wp-json\/wp\/v2\/posts\/4764\/revisions"}],"predecessor-version":[{"id":4766,"href":"https:\/\/imais.online\/portal\/wp-json\/wp\/v2\/posts\/4764\/revisions\/4766"}],"wp:featuredmedia":[{"embeddable":true,"href":"https:\/\/imais.online\/portal\/wp-json\/wp\/v2\/media\/4765"}],"wp:attachment":[{"href":"https:\/\/imais.online\/portal\/wp-json\/wp\/v2\/media?parent=4764"}],"wp:term":[{"taxonomy":"category","embeddable":true,"href":"https:\/\/imais.online\/portal\/wp-json\/wp\/v2\/categories?post=4764"},{"taxonomy":"post_tag","embeddable":true,"href":"https:\/\/imais.online\/portal\/wp-json\/wp\/v2\/tags?post=4764"}],"curies":[{"name":"wp","href":"https:\/\/api.w.org\/{rel}","templated":true}]}}