{"id":4786,"date":"2022-03-09T14:14:12","date_gmt":"2022-03-09T17:14:12","guid":{"rendered":"https:\/\/imais.online\/portal\/?p=4786"},"modified":"2022-03-09T14:14:15","modified_gmt":"2022-03-09T17:14:15","slug":"sao-paulo-retira-obrigatoriedade-do-uso-de-mascaras-em-locais-abertos","status":"publish","type":"post","link":"https:\/\/imais.online\/portal\/sao-paulo-retira-obrigatoriedade-do-uso-de-mascaras-em-locais-abertos\/","title":{"rendered":"S\u00e3o Paulo retira obrigatoriedade do uso de m\u00e1scaras em locais abertos"},"content":{"rendered":"<div class=\"imais-before-content-placement\" id=\"imais-1199156918\"><script async src=\"\/\/pagead2.googlesyndication.com\/pagead\/js\/adsbygoogle.js?client=ca-pub-8787528412751566\" crossorigin=\"anonymous\"><\/script><ins class=\"adsbygoogle\" style=\"display:block;\" data-ad-client=\"ca-pub-8787528412751566\" \ndata-ad-slot=\"\" \ndata-ad-format=\"auto\"><\/ins>\n<script> \n(adsbygoogle = window.adsbygoogle || []).push({}); \n<\/script>\n<\/div>\n<p>O estado de S\u00e3o Paulo retirou, nesta quarta-feira (9), a obrigatoriedade do uso de m\u00e1scaras de prote\u00e7\u00e3o contra a Covid-19 ao ar livre. O an\u00fancio foi feito pelo governador Jo\u00e3o Doria (PSDB) durante coletiva de imprensa no Pal\u00e1cio dos Bandeirantes, na capital paulista. Doria assinou o decreto que permite a libera\u00e7\u00e3o da prote\u00e7\u00e3o em ambientes abertos, como parques, ruas, centros de eventos, entre outros.<\/p>\n\n\n\n<p>As m\u00e1scaras, contudo, continuam valendo em locais fechados. O governo afirmou que, caso os indicadores continuem est\u00e1veis ou em queda, a flexibiliza\u00e7\u00e3o total pode ocorrer nas pr\u00f3ximas duas semanas. &#8220;Havendo a continuidade dos bons indicadores no n\u00famero de casos, interna\u00e7\u00f5es e \u00f3bitos e do aumento da vacina\u00e7\u00e3o poderemos anunciar ainda este m\u00eas a flexibiliza\u00e7\u00e3o [das m\u00e1scaras] em ambientes fechados&#8221;, disse Doria.<\/p>\n\n\n\n<p>Segundo dados do vacin\u00f4metro, 98,89% da popula\u00e7\u00e3o tem pelo menos uma dose da vacina e 89,27% est\u00e3o com o esquema vacinal completo.&nbsp;&#8220;S\u00e3o Paulo construiu um caminho seguro com a vacina\u00e7\u00e3o&#8221;, afirmou Regiane de Paula, coordenadora do PEI (Programa Estadual de Imuniza\u00e7\u00e3o).<\/p>\n\n\n\n<p>O uso do equipamento foi institu\u00eddo pelo governo em ambientes fechados e abertos em maio de 2020 como forma de evitar a dissemina\u00e7\u00e3o da doen\u00e7a. Desde ent\u00e3o, o\u00a0uso da prote\u00e7\u00e3o vem sendo mantida pelo Comit\u00ea Cient\u00edfico do estado.<\/p>\n\n\n\n<p>&#8220;Desde maio de 2020, a gente esperava por esse momento e hoje ele se concretiza. Tivemos uma coletiva em novembro em que o Comit\u00ea avaliava essa medida e no dia seguinte houve a identifica\u00e7\u00e3o da variante \u00f4micron&#8221;, disse Paulo Menezes, coordenador do \u00f3rg\u00e3o.<\/p>\n\n\n\n<p>Menezes lembrou que, no final de janeiro, as proje\u00e7\u00f5es sugeriam um pico da onda disseminada pela variante \u00d4micron em fevereiro. &#8220;Mas j\u00e1 estava acontecendo. O pico foi na quarta semana do ano, no fim de janeiro. Esse adiantamento \u00e9 consequ\u00eancia de todas as medidas tomadas e da vacina\u00e7\u00e3o&#8221;, disse o m\u00e9dico. &#8220;Temos uma perpectiva bastante positiva de continuar melhorando nos indicadores.&#8221;<\/p>\n\n\n\n<p>&#8220;N\u00e3o posso dizer que a pandemia est\u00e1 no fim, mas ela est\u00e1 num momento extremamente favor\u00e1vel. Ainda assim as aglomera\u00e7\u00f5es favorecem a dissemina\u00e7\u00e3o do v\u00edrus, a nossa recomenda\u00e7\u00e3o \u00e9 que as pessoas se protejam.&#8221;<\/p>\n\n\n\n<p>O coordenador executivo, Jo\u00e3o Gabbardo, afirmou que a flexibiliza\u00e7\u00e3o deve ser feita com seguran\u00e7a. &#8220;Nada mais l\u00f3gico do que come\u00e7ar a flexibiliza\u00e7\u00e3o com os ambientes abertos. Em ambientes fechados, o Comit\u00ea Cient\u00edfico mant\u00e9m a obrigatoriedade das m\u00e1scaras.&#8221; O m\u00e9dico citou alguns exemplos de situa\u00e7\u00f5es em que as m\u00e1scaras devem ser mantidas. S\u00e3o elas: pessoas com sintomas gripais; pessoas que n\u00e3o foram vacinadas; pessoas imunodeprimidas e em ambientes com grandes recomenda\u00e7\u00f5es.<\/p>\n\n\n\n<p>Em rela\u00e7\u00e3o \u00e0s escolas, o secret\u00e1rio estadual de educa\u00e7\u00e3o, Rossieli Soares, afirmou que a medida vale da mesma forma. &#8220;As crian\u00e7as v\u00e3o poder estar nos parques e nos ambientes abertos j\u00e1 sem m\u00e1scaras. Nas salas de aulas, as m\u00e1scaras continuam obrigat\u00f3rias. Nas quadras n\u00e3o ser\u00e1 necess\u00e1rio ou em qualquer outro ambiente aberto.&#8221; Em ambientes fechados como trens, metr\u00f4, \u00f4nibus, shoppings centers e estabelecimentos comerciais em geral o uso do equipamento \u00e9 obrigat\u00f3rio.<\/p>\n\n\n\n<h3 class=\"wp-block-heading\">Transmiss\u00e3o e flexibiliza\u00e7\u00e3o<\/h3>\n\n\n\n<p>Estudos t\u00eam afirmado que a possibilidade de transmiss\u00e3o da doen\u00e7a \u00e9 menor em ambientes ao ar livre, enquanto \u00e9 mais alta em locais fechados e sem ventila\u00e7\u00e3o, mesmo quando h\u00e1 distanciamento social.&nbsp;<\/p>\n\n\n\n<p>Em cerca de dois anos de pandemia, a flexibiliza\u00e7\u00e3o do uso de m\u00e1scara s\u00f3 come\u00e7ou a ser planejada pelo governo em novembro do ano passado. Com os indicadores da pandemia em baixa e o alto \u00edndice de vacina\u00e7\u00e3o no estado, o governo chegou a anunciar a flexibiliza\u00e7\u00e3o, mas voltou atr\u00e1s depois da descoberta da variante \u00d4micron, muito mais transmiss\u00edvel.<\/p>\n\n\n\n<p>Fonte: R7<\/p>\n","protected":false},"excerpt":{"rendered":"<p>O estado de S\u00e3o Paulo retirou, nesta quarta-feira (9), a obrigatoriedade do uso de m\u00e1scaras de prote\u00e7\u00e3o contra a Covid-19 ao ar livre. O an\u00fancio foi feito pelo governador Jo\u00e3o Doria (PSDB) durante coletiva de imprensa no Pal\u00e1cio dos Bandeirantes, na capital paulista. Doria assinou o decreto que permite a libera\u00e7\u00e3o da prote\u00e7\u00e3o em ambientes [&hellip;]<\/p>\n","protected":false},"author":7,"featured_media":4789,"comment_status":"closed","ping_status":"open","sticky":false,"template":"","format":"standard","meta":{"rop_custom_images_group":[],"rop_custom_messages_group":[],"rop_publish_now":"initial","rop_publish_now_accounts":[],"rop_publish_now_history":[],"rop_publish_now_status":"pending","footnotes":""},"categories":[195],"tags":[73],"class_list":["post-4786","post","type-post","status-publish","format-standard","has-post-thumbnail","hentry","category-sao-paulo","tag-featured"],"amp_enabled":true,"_links":{"self":[{"href":"https:\/\/imais.online\/portal\/wp-json\/wp\/v2\/posts\/4786","targetHints":{"allow":["GET"]}}],"collection":[{"href":"https:\/\/imais.online\/portal\/wp-json\/wp\/v2\/posts"}],"about":[{"href":"https:\/\/imais.online\/portal\/wp-json\/wp\/v2\/types\/post"}],"author":[{"embeddable":true,"href":"https:\/\/imais.online\/portal\/wp-json\/wp\/v2\/users\/7"}],"replies":[{"embeddable":true,"href":"https:\/\/imais.online\/portal\/wp-json\/wp\/v2\/comments?post=4786"}],"version-history":[{"count":1,"href":"https:\/\/imais.online\/portal\/wp-json\/wp\/v2\/posts\/4786\/revisions"}],"predecessor-version":[{"id":4791,"href":"https:\/\/imais.online\/portal\/wp-json\/wp\/v2\/posts\/4786\/revisions\/4791"}],"wp:featuredmedia":[{"embeddable":true,"href":"https:\/\/imais.online\/portal\/wp-json\/wp\/v2\/media\/4789"}],"wp:attachment":[{"href":"https:\/\/imais.online\/portal\/wp-json\/wp\/v2\/media?parent=4786"}],"wp:term":[{"taxonomy":"category","embeddable":true,"href":"https:\/\/imais.online\/portal\/wp-json\/wp\/v2\/categories?post=4786"},{"taxonomy":"post_tag","embeddable":true,"href":"https:\/\/imais.online\/portal\/wp-json\/wp\/v2\/tags?post=4786"}],"curies":[{"name":"wp","href":"https:\/\/api.w.org\/{rel}","templated":true}]}}