{"id":4792,"date":"2022-03-09T16:45:54","date_gmt":"2022-03-09T19:45:54","guid":{"rendered":"https:\/\/imais.online\/portal\/?p=4792"},"modified":"2022-03-09T16:51:59","modified_gmt":"2022-03-09T19:51:59","slug":"dolar-opera-em-queda-e-chega-a-r-498","status":"publish","type":"post","link":"https:\/\/imais.online\/portal\/dolar-opera-em-queda-e-chega-a-r-498\/","title":{"rendered":"D\u00f3lar opera em queda e chega a R$ 4,98"},"content":{"rendered":"<div class=\"imais-before-content-placement\" id=\"imais-3673261399\"><script async src=\"\/\/pagead2.googlesyndication.com\/pagead\/js\/adsbygoogle.js?client=ca-pub-8787528412751566\" crossorigin=\"anonymous\"><\/script><ins class=\"adsbygoogle\" style=\"display:block;\" data-ad-client=\"ca-pub-8787528412751566\" \ndata-ad-slot=\"\" \ndata-ad-format=\"auto\"><\/ins>\n<script> \n(adsbygoogle = window.adsbygoogle || []).push({}); \n<\/script>\n<\/div>\n<h2 class=\"has-text-align-center wp-block-heading\">A \u00faltima vez que o d\u00f3lar fechou abaixo de R$ 5 foi no dia 30 de junho de 2021.<\/h2>\n\n\n\n<p>O&nbsp;d\u00f3lar&nbsp;opera em queda nesta quarta-feira (9), em dia de recupera\u00e7\u00e3o nos mercados externos ap\u00f3s o tombo da v\u00e9spera, com a decis\u00e3o dos Estados Unidos e do Reino Unido de proibir a importa\u00e7\u00e3o de petr\u00f3leo e derivados procedente da R\u00fassia.<\/p>\n\n\n\n<p>\u00c0s 14h16, a moeda norte-americana recuava 1,01%, vendida a R$ 5,0030.&nbsp;<strong>Na m\u00ednima do dia at\u00e9 o momento, chegou a R$ 4,9855.<\/strong>&nbsp;Nas casas de c\u00e2mbio, o d\u00f3lar turismo era negociado a partir de R$ 5,23 para compra<strong>.&nbsp;<\/strong>Veja mais cota\u00e7\u00f5es.<\/p>\n\n\n\n<p>A\u00a0\u00faltima vez que o d\u00f3lar fechou abaixo de R$ 5 foi no dia 30 de junho de 2021 (R$ 4,9728).<\/p>\n\n\n\n<p>J\u00e1 o&nbsp;Ibovespa&nbsp;opera em&nbsp;alta de mais de 1%.<\/p>\n\n\n\n<figure class=\"wp-block-embed is-type-wp-embed is-provider-datawrapper wp-block-embed-datawrapper\"><div class=\"wp-block-embed__wrapper\">\n<iframe class=\"wp-embedded-content\" sandbox=\"allow-scripts\" security=\"restricted\" title=\"Varia\u00e7\u00e3o do d\u00f3lar em 2022\" src=\"https:\/\/datawrapper.dwcdn.net\/tCjxa\/51\/#?secret=Lzlhrz9Ugs\" data-secret=\"Lzlhrz9Ugs\" scrolling=\"no\" frameborder=\"0\" height=\"450\"><\/iframe>\n<\/div><\/figure>\n\n\n\n<h2 class=\"wp-block-heading\">O que est\u00e1 acontecendo?<\/h2>\n\n\n\n<p>No cen\u00e1rio dom\u00e9stico, o&nbsp;IBGE divulgou mais cedo que&nbsp;a produ\u00e7\u00e3o industrial recuou 2,4% em janeiro, seguindo abaixo do n\u00edvel pr\u00e9-pandemia. Na compara\u00e7\u00e3o com janeiro do ano passado, a queda foi ainda maior, de 7,2%<\/p>\n\n\n\n<p>O mercado ainda aguarda poss\u00edveis medidas do governo para conter a alta dos pre\u00e7os dos combust\u00edveis, pressionados pelo conflito na&nbsp;Ucr\u00e2nia.<\/p>\n\n\n\n<p>O impacto econ\u00f4mico da guerra tem desestabilizado os mercados internacionais e provocado a disparada dos pre\u00e7os das commodities. Nesta quarta, o petr\u00f3leo opera com queda, mas ainda acima de US$ 120 o barril \u2013 quase o dobro do valor de dezembro.<\/p>\n\n\n\n<p>Moedas de pa\u00edses exportadores de petr\u00f3leo, metais, milho e trigo, entre outras commodities, entretanto, t\u00eam sido beneficiadas pela escalada dos conflitos, j\u00e1 que temores de interrup\u00e7\u00e3o da oferta impulsionaram os pre\u00e7os desses produtos a m\u00e1ximas em v\u00e1rios anos.<\/p>\n\n\n\n<p>Os juros em patamares elevados no Brasil e a perspectiva de novas eleva\u00e7\u00f5es na Selic t\u00eam contribu\u00eddo tamb\u00e9m para o fluxo de d\u00f3lares para o pa\u00eds e para a valoriza\u00e7\u00e3o do real nas \u00faltimas semanas.<\/p>\n\n\n\n<p>Por G1<\/p>\n","protected":false},"excerpt":{"rendered":"<p>A \u00faltima vez que o d\u00f3lar fechou abaixo de R$ 5 foi no dia 30 de junho de 2021. O&nbsp;d\u00f3lar&nbsp;opera em queda nesta quarta-feira (9), em dia de recupera\u00e7\u00e3o nos mercados externos ap\u00f3s o tombo da v\u00e9spera, com a decis\u00e3o dos Estados Unidos e do Reino Unido de proibir a importa\u00e7\u00e3o de petr\u00f3leo e derivados [&hellip;]<\/p>\n","protected":false},"author":8,"featured_media":4793,"comment_status":"closed","ping_status":"open","sticky":false,"template":"","format":"standard","meta":{"rop_custom_images_group":[],"rop_custom_messages_group":[],"rop_publish_now":"initial","rop_publish_now_accounts":[],"rop_publish_now_history":[],"rop_publish_now_status":"pending","footnotes":""},"categories":[192],"tags":[],"class_list":["post-4792","post","type-post","status-publish","format-standard","has-post-thumbnail","hentry","category-economia"],"amp_enabled":true,"_links":{"self":[{"href":"https:\/\/imais.online\/portal\/wp-json\/wp\/v2\/posts\/4792","targetHints":{"allow":["GET"]}}],"collection":[{"href":"https:\/\/imais.online\/portal\/wp-json\/wp\/v2\/posts"}],"about":[{"href":"https:\/\/imais.online\/portal\/wp-json\/wp\/v2\/types\/post"}],"author":[{"embeddable":true,"href":"https:\/\/imais.online\/portal\/wp-json\/wp\/v2\/users\/8"}],"replies":[{"embeddable":true,"href":"https:\/\/imais.online\/portal\/wp-json\/wp\/v2\/comments?post=4792"}],"version-history":[{"count":2,"href":"https:\/\/imais.online\/portal\/wp-json\/wp\/v2\/posts\/4792\/revisions"}],"predecessor-version":[{"id":4798,"href":"https:\/\/imais.online\/portal\/wp-json\/wp\/v2\/posts\/4792\/revisions\/4798"}],"wp:featuredmedia":[{"embeddable":true,"href":"https:\/\/imais.online\/portal\/wp-json\/wp\/v2\/media\/4793"}],"wp:attachment":[{"href":"https:\/\/imais.online\/portal\/wp-json\/wp\/v2\/media?parent=4792"}],"wp:term":[{"taxonomy":"category","embeddable":true,"href":"https:\/\/imais.online\/portal\/wp-json\/wp\/v2\/categories?post=4792"},{"taxonomy":"post_tag","embeddable":true,"href":"https:\/\/imais.online\/portal\/wp-json\/wp\/v2\/tags?post=4792"}],"curies":[{"name":"wp","href":"https:\/\/api.w.org\/{rel}","templated":true}]}}