{"id":4815,"date":"2022-03-10T07:32:49","date_gmt":"2022-03-10T10:32:49","guid":{"rendered":"https:\/\/imais.online\/portal\/?p=4815"},"modified":"2022-03-10T07:33:45","modified_gmt":"2022-03-10T10:33:45","slug":"polo-shopping-promove-exposicao-elas-fazem-acontecer","status":"publish","type":"post","link":"https:\/\/imais.online\/portal\/polo-shopping-promove-exposicao-elas-fazem-acontecer\/","title":{"rendered":"Polo Shopping promove exposi\u00e7\u00e3o \u201cElas fazem acontecer\u201d"},"content":{"rendered":"<div class=\"imais-before-content-placement\" id=\"imais-645379399\"><script async src=\"\/\/pagead2.googlesyndication.com\/pagead\/js\/adsbygoogle.js?client=ca-pub-8787528412751566\" crossorigin=\"anonymous\"><\/script><ins class=\"adsbygoogle\" style=\"display:block;\" data-ad-client=\"ca-pub-8787528412751566\" \ndata-ad-slot=\"\" \ndata-ad-format=\"auto\"><\/ins>\n<script> \n(adsbygoogle = window.adsbygoogle || []).push({}); \n<\/script>\n<\/div>\n<p>Para celebrar o Dia Internacional da Mulher, o Polo Shopping Indaiatuba preparou uma programa\u00e7\u00e3o especial que se estende ao longo do m\u00eas. Do dia 08 de mar\u00e7o ao dia 10 de abril acontece a exposi\u00e7\u00e3o gratuita \u201cElas Fazem Acontecer\u201d, uma mostra que traz cinco hist\u00f3rias inspiradoras de mulheres que desenvolvem trabalhos e projetos que causam um impacto positivo na comunidade. <\/p>\n\n\n\n<p><strong>Exposi\u00e7\u00e3o Elas Fazem Acontecer<\/strong><\/p>\n\n\n\n<p>A exposi\u00e7\u00e3o traz relatos de cinco mulheres comuns, moradoras de Indaiatuba, que seguiram seus instintos e alcan\u00e7aram grandes resultados, exemplos que merecem ser celebrados para encorajar e inspirar outras mulheres.<\/p>\n\n\n\n<p>Cintia Vasconcelos<strong>&nbsp;&#8211;<\/strong>&nbsp;Fundadora da VORI, marca de suplementos alimentares \u2013 Cintia foi atr\u00e1s de seu sonho e fundou uma nova empresa com foco em sa\u00fade, qualidade de vida e bem-estar. Valorizando a for\u00e7a e a hist\u00f3ria feminina, ela encontrou sua realiza\u00e7\u00e3o pessoal atrav\u00e9s do desenvolvimento de suplementos naturais para melhorar a vida de outras pessoas, em especial de outras mulheres.<\/p>\n\n\n\n<p>Elaine Marques &#8211; CEO da Rede Azul e empreendedora na Ovos Marucci &#8211; Seguir seus instintos e unir a jornada pessoal e profissional possibilitou que Eliane colocasse em pr\u00e1tica um projeto de cria\u00e7\u00e3o de um app para ajudar a comunidade autista.<\/p>\n\n\n\n<figure class=\"wp-block-image size-large\"><img loading=\"lazy\" decoding=\"async\" width=\"1024\" height=\"485\" src=\"https:\/\/imais.online\/portal\/wp-content\/uploads\/2022\/03\/20220308_143752-1024x485.jpg\" alt=\"\" class=\"wp-image-4817\" srcset=\"https:\/\/imais.online\/portal\/wp-content\/uploads\/2022\/03\/20220308_143752-1024x485.jpg 1024w, https:\/\/imais.online\/portal\/wp-content\/uploads\/2022\/03\/20220308_143752-300x142.jpg 300w, https:\/\/imais.online\/portal\/wp-content\/uploads\/2022\/03\/20220308_143752-768x364.jpg 768w, https:\/\/imais.online\/portal\/wp-content\/uploads\/2022\/03\/20220308_143752.jpg 1366w\" sizes=\"auto, (max-width: 1024px) 100vw, 1024px\" \/><figcaption>Foto: divulga\u00e7\u00e3o<\/figcaption><\/figure>\n\n\n\n<p>Ellen Cristina Miras<strong>&nbsp;&#8211;&nbsp;<\/strong>Psic\u00f3loga Cl\u00ednica especializada em Terapia Cognitiva Comportamental e P\u00f3s-Graduanda em Sexologia \u2013 Ellen atua ajudando as pessoas na sua recupera\u00e7\u00e3o emocional, com destaque para o trabalho social realizado na Comunidade Negra de Indaiatuba (CONI), onde atende um grupo para mulheres de baixa renda que precisam e buscam ajuda para sair das situa\u00e7\u00f5es de vulnerabilidade psicol\u00f3gica, devolvendo autoestima, autoconhecimento, educa\u00e7\u00e3o emocional.&nbsp;&nbsp;<\/p>\n\n\n\n<p>Judite Simionato<strong>&nbsp;&#8211;<\/strong>&nbsp;Cooperada na Cooperativa Uni Arte Costura (no Jardim Oliveira Camargo, Indaiatuba) &#8211; Com o objetivo de obter desenvolvimento pessoal atrav\u00e9s do trabalho, Judite criou o projeto Uni Art, que busca gerar trabalho e renda para mulheres que n\u00e3o podem trabalhar no mercado formal.<\/p>\n\n\n\n<p>Karine Barbosa<strong>\u00a0&#8211;\u00a0<\/strong>Mobilizadora de Recursos no 3\u00b0 Setor \u2013 Karine trabalha para fomentar projetos sociais na \u00e1rea da inf\u00e2ncia, fazendo a ponte entre quem quer ajudar e quem precisa de ajuda, mobilizando empresas, pessoas, organiza\u00e7\u00f5es e munic\u00edpios como grandes parceiros nessa miss\u00e3o.<\/p>\n\n\n\n<p><strong>Servi\u00e7o<\/strong><\/p>\n\n\n\n<p><strong>Exposi\u00e7\u00e3o<\/strong>&nbsp;<strong>\u201cElas fazem acontecer\u201d<\/strong><\/p>\n\n\n\n<p>Quando: 08 de mar\u00e7o a 10 de abril<\/p>\n\n\n\n<p>Onde: corredor da Centauro<\/p>\n\n\n\n<p>Visita\u00e7\u00e3o gratuita<\/p>\n","protected":false},"excerpt":{"rendered":"<p>Para celebrar o Dia Internacional da Mulher, o Polo Shopping Indaiatuba preparou uma programa\u00e7\u00e3o especial que se estende ao longo do m\u00eas. Do dia 08 de mar\u00e7o ao dia 10 de abril acontece a exposi\u00e7\u00e3o gratuita \u201cElas Fazem Acontecer\u201d, uma mostra que traz cinco hist\u00f3rias inspiradoras de mulheres que desenvolvem trabalhos e projetos que causam [&hellip;]<\/p>\n","protected":false},"author":7,"featured_media":4816,"comment_status":"closed","ping_status":"open","sticky":false,"template":"","format":"standard","meta":{"rop_custom_images_group":[],"rop_custom_messages_group":[],"rop_publish_now":"initial","rop_publish_now_accounts":[],"rop_publish_now_history":[],"rop_publish_now_status":"pending","footnotes":""},"categories":[209],"tags":[],"class_list":["post-4815","post","type-post","status-publish","format-standard","has-post-thumbnail","hentry","category-estilo"],"amp_enabled":true,"_links":{"self":[{"href":"https:\/\/imais.online\/portal\/wp-json\/wp\/v2\/posts\/4815","targetHints":{"allow":["GET"]}}],"collection":[{"href":"https:\/\/imais.online\/portal\/wp-json\/wp\/v2\/posts"}],"about":[{"href":"https:\/\/imais.online\/portal\/wp-json\/wp\/v2\/types\/post"}],"author":[{"embeddable":true,"href":"https:\/\/imais.online\/portal\/wp-json\/wp\/v2\/users\/7"}],"replies":[{"embeddable":true,"href":"https:\/\/imais.online\/portal\/wp-json\/wp\/v2\/comments?post=4815"}],"version-history":[{"count":2,"href":"https:\/\/imais.online\/portal\/wp-json\/wp\/v2\/posts\/4815\/revisions"}],"predecessor-version":[{"id":4819,"href":"https:\/\/imais.online\/portal\/wp-json\/wp\/v2\/posts\/4815\/revisions\/4819"}],"wp:featuredmedia":[{"embeddable":true,"href":"https:\/\/imais.online\/portal\/wp-json\/wp\/v2\/media\/4816"}],"wp:attachment":[{"href":"https:\/\/imais.online\/portal\/wp-json\/wp\/v2\/media?parent=4815"}],"wp:term":[{"taxonomy":"category","embeddable":true,"href":"https:\/\/imais.online\/portal\/wp-json\/wp\/v2\/categories?post=4815"},{"taxonomy":"post_tag","embeddable":true,"href":"https:\/\/imais.online\/portal\/wp-json\/wp\/v2\/tags?post=4815"}],"curies":[{"name":"wp","href":"https:\/\/api.w.org\/{rel}","templated":true}]}}