{"id":4856,"date":"2022-03-11T14:12:05","date_gmt":"2022-03-11T17:12:05","guid":{"rendered":"https:\/\/imais.online\/portal\/?p=4856"},"modified":"2022-03-11T14:12:06","modified_gmt":"2022-03-11T17:12:06","slug":"padre-acusado-de-pedofilia-no-interior-de-sp-e-demitido","status":"publish","type":"post","link":"https:\/\/imais.online\/portal\/padre-acusado-de-pedofilia-no-interior-de-sp-e-demitido\/","title":{"rendered":"Padre acusado de pedofilia no interior de SP \u00e9 demitido"},"content":{"rendered":"<div class=\"imais-before-content-placement\" id=\"imais-962846662\"><script async src=\"\/\/pagead2.googlesyndication.com\/pagead\/js\/adsbygoogle.js?client=ca-pub-8787528412751566\" crossorigin=\"anonymous\"><\/script><ins class=\"adsbygoogle\" style=\"display:block;\" data-ad-client=\"ca-pub-8787528412751566\" \ndata-ad-slot=\"\" \ndata-ad-format=\"auto\"><\/ins>\n<script> \n(adsbygoogle = window.adsbygoogle || []).push({}); \n<\/script>\n<\/div>\n<h2 class=\"wp-block-heading\">Quatro v\u00edtimas do munic\u00edpio de Araras (SP) relataram ter sofrido abusos de Pedro Ricardo quando eram menores de idade<\/h2>\n\n\n\n<p>O padre Pedro Leandro Ricardo,\u00a0<strong>acusado de pedofilia e abuso sexual<\/strong>, foi demitido da Diocese de Limeira nesta sexta-feira (11), ap\u00f3s decis\u00e3o do Vaticano, a partir de uma solicita\u00e7\u00e3o da Congrega\u00e7\u00e3o para a Doutrina da F\u00e9.<\/p>\n\n\n\n<p>Pedro havia sido afastado de sua fun\u00e7\u00e3o desde janeiro de 2019, quando surgiram as den\u00fancias.<\/p>\n\n\n\n<p>As quatro v\u00edtimas, que eram coroinhas no munic\u00edpio de Araras, relataram ter sofrido os abusos por parte do padre quando ainda eram menores de idade. Aos 25 anos, as v\u00edtimas decidiram denunciar Pedro Ricardo.<\/p>\n\n\n\n<p>As den\u00fancias relatadas tamb\u00e9m envolviam Dom Vilson Dias de Oliveira, ent\u00e3o bispo, que teve sua demiss\u00e3o oficializada em maio de 2019.<\/p>\n\n\n\n<p>Confira a carta na \u00edntegra, assinada por Dom Jos\u00e9 Roberto Fortes Palau, bispo diocesano de Limeira:<\/p>\n\n\n\n<p><em>A Diocese de Limeira faz saber que o Santo Padre, o Papa Francisco, por solicita\u00e7\u00e3o da Congrega\u00e7\u00e3o para a Doutrina da F\u00e9, ap\u00f3s procedimento can\u00f4nico pr\u00f3prio, decidiu pela aplica\u00e7\u00e3o, para o bem da Igreja, da pena de demiss\u00e3o do estado clerical ao senhor Pedro Leandro Ricardo.<\/em><\/p>\n\n\n\n<p><em>A partir da data de hoje, ap\u00f3s a devida verifica\u00e7\u00e3o, o senhor Pedro Leandro Ricardo n\u00e3o poder\u00e1 mais exercer, v\u00e1lida e licitamente, o minist\u00e9rio sacerdotal.<\/em><\/p>\n\n\n\n<p><em>Exortamos a todos a filial comunh\u00e3o para com o Santo Padre, o Papa Francisco.<\/em><\/p>\n\n\n\n<p><\/p>\n","protected":false},"excerpt":{"rendered":"<p>Quatro v\u00edtimas do munic\u00edpio de Araras (SP) relataram ter sofrido abusos de Pedro Ricardo quando eram menores de idade O padre Pedro Leandro Ricardo,\u00a0acusado de pedofilia e abuso sexual, foi demitido da Diocese de Limeira nesta sexta-feira (11), ap\u00f3s decis\u00e3o do Vaticano, a partir de uma solicita\u00e7\u00e3o da Congrega\u00e7\u00e3o para a Doutrina da F\u00e9. Pedro [&hellip;]<\/p>\n","protected":false},"author":8,"featured_media":4857,"comment_status":"closed","ping_status":"open","sticky":false,"template":"","format":"standard","meta":{"rop_custom_images_group":[],"rop_custom_messages_group":[],"rop_publish_now":"initial","rop_publish_now_accounts":[],"rop_publish_now_history":[],"rop_publish_now_status":"pending","footnotes":""},"categories":[195],"tags":[],"class_list":["post-4856","post","type-post","status-publish","format-standard","has-post-thumbnail","hentry","category-sao-paulo"],"amp_enabled":true,"_links":{"self":[{"href":"https:\/\/imais.online\/portal\/wp-json\/wp\/v2\/posts\/4856","targetHints":{"allow":["GET"]}}],"collection":[{"href":"https:\/\/imais.online\/portal\/wp-json\/wp\/v2\/posts"}],"about":[{"href":"https:\/\/imais.online\/portal\/wp-json\/wp\/v2\/types\/post"}],"author":[{"embeddable":true,"href":"https:\/\/imais.online\/portal\/wp-json\/wp\/v2\/users\/8"}],"replies":[{"embeddable":true,"href":"https:\/\/imais.online\/portal\/wp-json\/wp\/v2\/comments?post=4856"}],"version-history":[{"count":1,"href":"https:\/\/imais.online\/portal\/wp-json\/wp\/v2\/posts\/4856\/revisions"}],"predecessor-version":[{"id":4858,"href":"https:\/\/imais.online\/portal\/wp-json\/wp\/v2\/posts\/4856\/revisions\/4858"}],"wp:featuredmedia":[{"embeddable":true,"href":"https:\/\/imais.online\/portal\/wp-json\/wp\/v2\/media\/4857"}],"wp:attachment":[{"href":"https:\/\/imais.online\/portal\/wp-json\/wp\/v2\/media?parent=4856"}],"wp:term":[{"taxonomy":"category","embeddable":true,"href":"https:\/\/imais.online\/portal\/wp-json\/wp\/v2\/categories?post=4856"},{"taxonomy":"post_tag","embeddable":true,"href":"https:\/\/imais.online\/portal\/wp-json\/wp\/v2\/tags?post=4856"}],"curies":[{"name":"wp","href":"https:\/\/api.w.org\/{rel}","templated":true}]}}