{"id":4964,"date":"2022-03-16T14:22:40","date_gmt":"2022-03-16T17:22:40","guid":{"rendered":"https:\/\/imais.online\/portal\/?p=4964"},"modified":"2022-03-16T14:22:41","modified_gmt":"2022-03-16T17:22:41","slug":"governo-de-sp-anuncia-4a-dose-de-vacina-contra-covid-para-idosos-com-80-anos-ou-mais","status":"publish","type":"post","link":"https:\/\/imais.online\/portal\/governo-de-sp-anuncia-4a-dose-de-vacina-contra-covid-para-idosos-com-80-anos-ou-mais\/","title":{"rendered":"Governo de SP anuncia 4\u00aa dose de vacina contra Covid para idosos com 80 anos ou mais"},"content":{"rendered":"<div class=\"imais-before-content-placement\" id=\"imais-3007855213\"><script async src=\"\/\/pagead2.googlesyndication.com\/pagead\/js\/adsbygoogle.js?client=ca-pub-8787528412751566\" crossorigin=\"anonymous\"><\/script><ins class=\"adsbygoogle\" style=\"display:block;\" data-ad-client=\"ca-pub-8787528412751566\" \ndata-ad-slot=\"\" \ndata-ad-format=\"auto\"><\/ins>\n<script> \n(adsbygoogle = window.adsbygoogle || []).push({}); \n<\/script>\n<\/div>\n<h2 class=\"has-text-align-center wp-block-heading\">A partir do dia 21 de mar\u00e7o, s\u00e3o esperados 900 mil idosos com intervalo m\u00ednimo de quatro meses entre as dosagens<\/h2>\n\n\n\n<p>O governo de S\u00e3o Paulo anunciou, nesta quarta-feira (16), a quarta dose da vacina contra a Covid-19 para idosos com mais de 80 anos. O governador Jo\u00e3o Doria (PSDB) confirmou a nova etapa de imuniza\u00e7\u00e3o durante coletiva de imprensa no Pal\u00e1cio dos Bandeirantes, na capital paulista.<\/p>\n\n\n\n<p>A partir do dia 21 de mar\u00e7o, s\u00e3o esperados 900 mil idosos com 80 anos ou mais e que tenham um intervalo m\u00ednimo de quatro meses entre a ultima dose e a nova. A coordenadora do PEI (Programa Estadual de Imuniza\u00e7\u00e3o), Regiane de Paula, ressaltou que a nova etapa da imuniza\u00e7\u00e3o contra Covid se inicia com a parcela da popula\u00e7\u00e3o mais vulner\u00e1vel. &#8220;Temos as vacinas dispon\u00edveis e com a \u00d4micron tivemos um pequeno aumento de mortes nessa faixa et\u00e1ria&#8221;, afirmou ela.\u00a0<\/p>\n\n\n\n<p>O secret\u00e1rio estadual de sa\u00fade, Jean Gorinchteyn, informou que a taxa de ocupa\u00e7\u00e3o nas UTIs (Unidades de Terapia Intensiva) no Estado \u00e9 de 31,1% e na Grande S\u00e3o Paulo, de 31,9%. O estado tem, nesta quarta-feira, 1.096 internados em UTIs. Nas \u00faltimas seis semanas, houve uma queda de 77% nas interna\u00e7\u00f5es, passando de 11.500 pessoas internadas para 2.600 internadas em enfermarias e UTIs.&nbsp;<\/p>\n\n\n\n<p>Gorinchteyn lembrou ainda que no pico da segunda onda da pandemia o estado registrou 13.150 pessoas apenas nas UTIs e mais de 32 mil internados em todos os hospitais do estado. De acordo com os dados da pasta, na \u00faltima semana epidemiol\u00f3gica, houve uma queda de interna\u00e7\u00f5es de 18,9%, um aumento de 41,7% no n\u00famero de casos, de 6.664 para 9.443 casos, em raz\u00e3o da subnotifica\u00e7\u00e3o decorrente do per\u00edodo do carnaval.&nbsp;<\/p>\n\n\n\n<p>Em rela\u00e7\u00e3o \u00e0s demais faixas et\u00e1rias, Regiane de Paula afirmou que h\u00e1 a possibilidade de ampliar o calend\u00e1rio vacinal da quarta dose. &#8220;Temos a probabilidade de aumentar esse calend\u00e1rio para 60 anos ou mais, mas, nesse momento, vamos focar nessa popula\u00e7\u00e3o que iniciou a vacina\u00e7\u00e3o, \u00e9 a popula\u00e7\u00e3o alvo, mas traremos novos cronogramas&#8221;, disse ela sem dar uma data espec\u00edfica para as novas faixas et\u00e1rias.<\/p>\n\n\n\n<p>O secret\u00e1rio de sa\u00fade disse tamb\u00e9m que S\u00e3o Paulo faz monitoramentos para detectar a presen\u00e7a de novas variantes, inclusive a Deltacron. &#8220;\u00c9 comum que as variantes surjam, S\u00e3o Paulo tem feito todo o monitoramento de novas variantes. Felizmente n\u00e3o temos nenhum caso, mas \u00e9 uma variante de aten\u00e7\u00e3o, diferentemente da \u00d4micron e da Delta, que eram variantes de preocupa\u00e7\u00e3o&#8221;, disse Gorinchteyn.<\/p>\n\n\n\n<p>O coordenador do Comit\u00ea Cient\u00edfico, Paulo Menezes, afirmou que o \u00f3rg\u00e3o acompanha diariamente o avan\u00e7o da pandemia no mundo. Segundo ele, a cobertura vacinal coloca o pa\u00eds em uma posi\u00e7\u00e3o favor\u00e1vel em rela\u00e7\u00e3o \u00e0s novas variantes. &#8220;A subvariante BA2 tem mostrado maior capacidade de transmiss\u00e3o do que BA1. Mas a nossa interpreta\u00e7\u00e3o \u00e9 que a dissemina\u00e7\u00e3o est\u00e1 mais relacionada \u00e0 cobertura vacinal do que a variante propriamente dita&#8221;, disse ele.<\/p>\n\n\n\n<p>&#8220;S\u00e3o Paulo tem essa cobertura que nos coloca como uma das popula\u00e7\u00f5es mais bem vacinadas do mundo. Com isso, entendemos que estamos em uma posi\u00e7\u00e3o mais favor\u00e1vel.&#8221;<\/p>\n\n\n\n<p>Fonte R7<\/p>\n","protected":false},"excerpt":{"rendered":"<p>A partir do dia 21 de mar\u00e7o, s\u00e3o esperados 900 mil idosos com intervalo m\u00ednimo de quatro meses entre as dosagens O governo de S\u00e3o Paulo anunciou, nesta quarta-feira (16), a quarta dose da vacina contra a Covid-19 para idosos com mais de 80 anos. O governador Jo\u00e3o Doria (PSDB) confirmou a nova etapa de [&hellip;]<\/p>\n","protected":false},"author":8,"featured_media":4965,"comment_status":"closed","ping_status":"open","sticky":false,"template":"","format":"standard","meta":{"rop_custom_images_group":[],"rop_custom_messages_group":[],"rop_publish_now":"initial","rop_publish_now_accounts":[],"rop_publish_now_history":[],"rop_publish_now_status":"pending","footnotes":""},"categories":[195],"tags":[73],"class_list":["post-4964","post","type-post","status-publish","format-standard","has-post-thumbnail","hentry","category-sao-paulo","tag-featured"],"amp_enabled":true,"_links":{"self":[{"href":"https:\/\/imais.online\/portal\/wp-json\/wp\/v2\/posts\/4964","targetHints":{"allow":["GET"]}}],"collection":[{"href":"https:\/\/imais.online\/portal\/wp-json\/wp\/v2\/posts"}],"about":[{"href":"https:\/\/imais.online\/portal\/wp-json\/wp\/v2\/types\/post"}],"author":[{"embeddable":true,"href":"https:\/\/imais.online\/portal\/wp-json\/wp\/v2\/users\/8"}],"replies":[{"embeddable":true,"href":"https:\/\/imais.online\/portal\/wp-json\/wp\/v2\/comments?post=4964"}],"version-history":[{"count":1,"href":"https:\/\/imais.online\/portal\/wp-json\/wp\/v2\/posts\/4964\/revisions"}],"predecessor-version":[{"id":4966,"href":"https:\/\/imais.online\/portal\/wp-json\/wp\/v2\/posts\/4964\/revisions\/4966"}],"wp:featuredmedia":[{"embeddable":true,"href":"https:\/\/imais.online\/portal\/wp-json\/wp\/v2\/media\/4965"}],"wp:attachment":[{"href":"https:\/\/imais.online\/portal\/wp-json\/wp\/v2\/media?parent=4964"}],"wp:term":[{"taxonomy":"category","embeddable":true,"href":"https:\/\/imais.online\/portal\/wp-json\/wp\/v2\/categories?post=4964"},{"taxonomy":"post_tag","embeddable":true,"href":"https:\/\/imais.online\/portal\/wp-json\/wp\/v2\/tags?post=4964"}],"curies":[{"name":"wp","href":"https:\/\/api.w.org\/{rel}","templated":true}]}}