{"id":5016,"date":"2022-03-17T17:37:27","date_gmt":"2022-03-17T20:37:27","guid":{"rendered":"https:\/\/imais.online\/portal\/?p=5016"},"modified":"2022-03-17T17:37:28","modified_gmt":"2022-03-17T20:37:28","slug":"uso-de-mascara-em-locais-fechados-deixa-de-ser-obrigatorio-em-sp","status":"publish","type":"post","link":"https:\/\/imais.online\/portal\/uso-de-mascara-em-locais-fechados-deixa-de-ser-obrigatorio-em-sp\/","title":{"rendered":"Uso de m\u00e1scara em locais fechados deixa de ser obrigat\u00f3rio em SP"},"content":{"rendered":"<div class=\"imais-before-content-placement\" id=\"imais-4205640306\"><script async src=\"\/\/pagead2.googlesyndication.com\/pagead\/js\/adsbygoogle.js?client=ca-pub-8787528412751566\" crossorigin=\"anonymous\"><\/script><ins class=\"adsbygoogle\" style=\"display:block;\" data-ad-client=\"ca-pub-8787528412751566\" \ndata-ad-slot=\"\" \ndata-ad-format=\"auto\"><\/ins>\n<script> \n(adsbygoogle = window.adsbygoogle || []).push({}); \n<\/script>\n<\/div>\n<p>Decis\u00e3o tem validade imediata a partir desta quinta-feira (17). No transporte p\u00fablico e em servi\u00e7os de sa\u00fade o uso continua obrigat\u00f3rio<\/p>\n\n\n\n<p>O governador de S\u00e3o Paulo, Jo\u00e3o Doria, anunciou nesta quinta-feira (17) a flexibiliza\u00e7\u00e3o do uso de m\u00e1scaras contra Covid-19 na maior parte dos ambientes fechados. As exce\u00e7\u00f5es ficar\u00e3o por parte do transporte p\u00fablico, seus respectivos locais de acesso \u2014 como esta\u00e7\u00f5es de Metr\u00f4 \u2014 os locais com servi\u00e7os de sa\u00fade.&nbsp;O uso do equipamento foi institu\u00eddo pelo governo em ambientes fechados e abertos em maio de 2020.<\/p>\n\n\n\n<p>O novo decreto ser\u00e1 publicado em edi\u00e7\u00e3o extra do Di\u00e1rio Oficial do Estado nesta quinta e ter\u00e1 efeito imediato. No dia 9 de mar\u00e7o, Doria j\u00e1 havia flexibilizado o uso da prote\u00e7\u00e3o em ambientes abertos. Com a melhora consistente dos indicadores da pandemia mesmo duas semanas depois das aglomera\u00e7\u00f5es do Carnaval, o estado decidiu avan\u00e7ar na libera\u00e7\u00e3o.<\/p>\n\n\n\n<p>A medida foi baseada em an\u00e1lises t\u00e9cnicas do Comit\u00ea Cient\u00edfico do Coronav\u00edrus de S\u00e3o Paulo, que tamb\u00e9m avaliaram o \u00edndice de vacina\u00e7\u00e3o com duas doses no estado. Segundo dados da gest\u00e3o Doria, mais de 90% da popula\u00e7\u00e3o eleg\u00edvel (acima de 5 anos) para receber as doses das vacinas foi imunizada em S\u00e3o Paulo.&nbsp;<\/p>\n\n\n\n<p>Em mais de dois anos de pandemia, a flexibiliza\u00e7\u00e3o do uso de m\u00e1scara s\u00f3 come\u00e7ou a ser planejada pelo governo em novembro do ano passado. A gest\u00e3o chegou a anunciar que desobrigaria as m\u00e1scaras, mas voltou atr\u00e1s depois da descoberta da variante \u00d4micron, muito mais transmiss\u00edvel que as cepas anteriores.<\/p>\n\n\n\n<p>A cautela provou-se necess\u00e1ria depois que a variante varreu o pa\u00eds e o estado a partir do final do ano passado e fez a m\u00e9dia m\u00f3vel de casos atingir os piores indicadores de toda a pandemia no come\u00e7o de 2022. Com mais de 80% da popula\u00e7\u00e3o imunizada com as duas doses, a cepa n\u00e3o teve o mesmo impacto avassalador no n\u00famero de mortes e interna\u00e7\u00f5es em S\u00e3o Paulo.<\/p>\n\n\n\n<p>Depois de atingir o pico da onda da \u00d4micron no in\u00edcio de fevereiro, o estado registra queda de interna\u00e7\u00f5es em UTIs (Unidade de Terapia Intensiva) e enfermaria h\u00e1 seis semanas seguidas.&nbsp;<\/p>\n\n\n\n<p>Al\u00e9m de S\u00e3o Paulo, outros estados que desobrigaram as pessoas parcialmente do uso de m\u00e1scara s\u00e3o Rio de Janeiro, Maranh\u00e3o, Mato Grosso do Sul, Rio Grande do Sul e Santa Catarina, al\u00e9m do Distrito Federal.<\/p>\n\n\n\n<p>Via R7.com<\/p>\n","protected":false},"excerpt":{"rendered":"<p>Decis\u00e3o tem validade imediata a partir desta quinta-feira (17). No transporte p\u00fablico e em servi\u00e7os de sa\u00fade o uso continua obrigat\u00f3rio O governador de S\u00e3o Paulo, Jo\u00e3o Doria, anunciou nesta quinta-feira (17) a flexibiliza\u00e7\u00e3o do uso de m\u00e1scaras contra Covid-19 na maior parte dos ambientes fechados. As exce\u00e7\u00f5es ficar\u00e3o por parte do transporte p\u00fablico, seus [&hellip;]<\/p>\n","protected":false},"author":7,"featured_media":5017,"comment_status":"closed","ping_status":"open","sticky":false,"template":"","format":"standard","meta":{"rop_custom_images_group":[],"rop_custom_messages_group":[],"rop_publish_now":"initial","rop_publish_now_accounts":[],"rop_publish_now_history":[],"rop_publish_now_status":"pending","footnotes":""},"categories":[195],"tags":[73],"class_list":["post-5016","post","type-post","status-publish","format-standard","has-post-thumbnail","hentry","category-sao-paulo","tag-featured"],"amp_enabled":true,"_links":{"self":[{"href":"https:\/\/imais.online\/portal\/wp-json\/wp\/v2\/posts\/5016","targetHints":{"allow":["GET"]}}],"collection":[{"href":"https:\/\/imais.online\/portal\/wp-json\/wp\/v2\/posts"}],"about":[{"href":"https:\/\/imais.online\/portal\/wp-json\/wp\/v2\/types\/post"}],"author":[{"embeddable":true,"href":"https:\/\/imais.online\/portal\/wp-json\/wp\/v2\/users\/7"}],"replies":[{"embeddable":true,"href":"https:\/\/imais.online\/portal\/wp-json\/wp\/v2\/comments?post=5016"}],"version-history":[{"count":1,"href":"https:\/\/imais.online\/portal\/wp-json\/wp\/v2\/posts\/5016\/revisions"}],"predecessor-version":[{"id":5018,"href":"https:\/\/imais.online\/portal\/wp-json\/wp\/v2\/posts\/5016\/revisions\/5018"}],"wp:featuredmedia":[{"embeddable":true,"href":"https:\/\/imais.online\/portal\/wp-json\/wp\/v2\/media\/5017"}],"wp:attachment":[{"href":"https:\/\/imais.online\/portal\/wp-json\/wp\/v2\/media?parent=5016"}],"wp:term":[{"taxonomy":"category","embeddable":true,"href":"https:\/\/imais.online\/portal\/wp-json\/wp\/v2\/categories?post=5016"},{"taxonomy":"post_tag","embeddable":true,"href":"https:\/\/imais.online\/portal\/wp-json\/wp\/v2\/tags?post=5016"}],"curies":[{"name":"wp","href":"https:\/\/api.w.org\/{rel}","templated":true}]}}