{"id":5083,"date":"2022-03-21T08:00:31","date_gmt":"2022-03-21T11:00:31","guid":{"rendered":"https:\/\/imais.online\/portal\/?p=5083"},"modified":"2022-03-21T08:01:10","modified_gmt":"2022-03-21T11:01:10","slug":"deputados-de-sp-aprovam-distribuicao-de-absorventes-alunas-de-escolas-publicas","status":"publish","type":"post","link":"https:\/\/imais.online\/portal\/deputados-de-sp-aprovam-distribuicao-de-absorventes-alunas-de-escolas-publicas\/","title":{"rendered":"Deputados de SP aprovam distribui\u00e7\u00e3o de absorventes  alunas de escolas p\u00fablicas"},"content":{"rendered":"<div class=\"imais-before-content-placement\" id=\"imais-53124648\"><script async src=\"\/\/pagead2.googlesyndication.com\/pagead\/js\/adsbygoogle.js?client=ca-pub-8787528412751566\" crossorigin=\"anonymous\"><\/script><ins class=\"adsbygoogle\" style=\"display:block;\" data-ad-client=\"ca-pub-8787528412751566\" \ndata-ad-slot=\"\" \ndata-ad-format=\"auto\"><\/ins>\n<script> \n(adsbygoogle = window.adsbygoogle || []).push({}); \n<\/script>\n<\/div>\n<p class=\"has-text-align-center\"><strong>Programa Dignidade \u00cdntima tamb\u00e9m vai atender a estudantes das Etecs e Fatecs, decidem parlamentares<\/strong><\/p>\n\n\n\n<p>A Assembleia Legislativa do Estado de S\u00e3o Paulo aprovou, na ter\u00e7a-feira (15), o projeto de autoria do Executivo que torna lei o programa Dignidade \u00cdntima, voltado para a distribui\u00e7\u00e3o de itens de higiene menstrual em escolas da rede p\u00fablica estadual.<\/p>\n\n\n\n<p>\u201cO projeto previa a disponibiliza\u00e7\u00e3o apenas para as escolas estaduais e a emenda acatada por essa Casa avan\u00e7a ao garantir que as alunas do Centro Paulo Souza possam ter acesso aos absorventes menstruais e \u00e0 dignidade. J\u00e1 a emenda dos coletores permite que elas tenham mais op\u00e7\u00f5es, dando dignidade para essas alunas\u201d, disse a deputada Marina Helou (Rede).<br>\u00a0<br>Criado em 2021, o Dignidade \u00cdntima \u00e9 uma iniciativa vinculada \u00e0 Secretaria de Estado da Educa\u00e7\u00e3o que visa combater a pobreza menstrual e o impacto negativo da falta de recursos b\u00e1sicos na educa\u00e7\u00e3o, em particular a evas\u00e3o escolar.<br><br>Al\u00e9m de disponibilizar itens de higiene, como absorventes e len\u00e7os umedecidos, a iniciativa promove tamb\u00e9m a forma\u00e7\u00e3o de estudantes e profissionais da educa\u00e7\u00e3o em temas relativos \u00e0 sa\u00fade da mulher, pobreza menstrual e suas consequ\u00eancias no contexto educacional.<br>\u00a0<\/p>\n\n\n\n<p>O projeto havia recebido aval mais cedo em reuni\u00e3o conjunta das comiss\u00f5es de Constitui\u00e7\u00e3o, Justi\u00e7a e Reda\u00e7\u00e3o; Finan\u00e7as, Or\u00e7amento e Planejamento; e Educa\u00e7\u00e3o e Cultura.<br>&nbsp;<\/p>\n\n\n\n<p>A relatora da proposta, deputada Dra. Damaris Moura (PSDB), celebrou a aprova\u00e7\u00e3o em Plen\u00e1rio e afirmou que fiscalizar\u00e1 a aplica\u00e7\u00e3o do programa no Estado. \u201c\u00c9 um projeto que promove a dignidade. Vamos acompanhar os resultados que vir\u00e3o desse projeto, mas certamente meninas e mulheres n\u00e3o ter\u00e3o mais os obst\u00e1culos que enfrentavam nos ambientes escolares\u201d, disse a relatora da proposta.<br>&nbsp;<\/p>\n\n\n\n<p>O deputado Jorge do Carmo (PT) refor\u00e7ou a import\u00e2ncia do programa para as estudantes mais desfavorecidas da rede estadual. \u201cNas periferias temos muitos adolescentes que passam por constrangimentos nas escolas em raz\u00e3o da pobreza menstrual. Esse \u00e9 um projeto que proporciona a dignidades para as pessoas\u201d, disse o parlamentar.<\/p>\n\n\n\n<p><br> Com a aprova\u00e7\u00e3o, o projeto segue agora para san\u00e7\u00e3o ou veto, total ou parcial, do governador.<\/p>\n\n\n\n<p><\/p>\n\n\n\n<p>Matheus Batista<br>&nbsp;<\/p>\n\n\n\n<p class=\"has-text-align-left\"><br>\u00a0<\/p>\n","protected":false},"excerpt":{"rendered":"<p>Programa Dignidade \u00cdntima tamb\u00e9m vai atender a estudantes das Etecs e Fatecs, decidem parlamentares A Assembleia Legislativa do Estado de S\u00e3o Paulo aprovou, na ter\u00e7a-feira (15), o projeto de autoria do Executivo que torna lei o programa Dignidade \u00cdntima, voltado para a distribui\u00e7\u00e3o de itens de higiene menstrual em escolas da rede p\u00fablica estadual. \u201cO [&hellip;]<\/p>\n","protected":false},"author":7,"featured_media":5084,"comment_status":"closed","ping_status":"open","sticky":false,"template":"","format":"standard","meta":{"rop_custom_images_group":[],"rop_custom_messages_group":[],"rop_publish_now":"initial","rop_publish_now_accounts":[],"rop_publish_now_history":[],"rop_publish_now_status":"pending","footnotes":""},"categories":[195],"tags":[73],"class_list":["post-5083","post","type-post","status-publish","format-standard","has-post-thumbnail","hentry","category-sao-paulo","tag-featured"],"amp_enabled":true,"_links":{"self":[{"href":"https:\/\/imais.online\/portal\/wp-json\/wp\/v2\/posts\/5083","targetHints":{"allow":["GET"]}}],"collection":[{"href":"https:\/\/imais.online\/portal\/wp-json\/wp\/v2\/posts"}],"about":[{"href":"https:\/\/imais.online\/portal\/wp-json\/wp\/v2\/types\/post"}],"author":[{"embeddable":true,"href":"https:\/\/imais.online\/portal\/wp-json\/wp\/v2\/users\/7"}],"replies":[{"embeddable":true,"href":"https:\/\/imais.online\/portal\/wp-json\/wp\/v2\/comments?post=5083"}],"version-history":[{"count":2,"href":"https:\/\/imais.online\/portal\/wp-json\/wp\/v2\/posts\/5083\/revisions"}],"predecessor-version":[{"id":5087,"href":"https:\/\/imais.online\/portal\/wp-json\/wp\/v2\/posts\/5083\/revisions\/5087"}],"wp:featuredmedia":[{"embeddable":true,"href":"https:\/\/imais.online\/portal\/wp-json\/wp\/v2\/media\/5084"}],"wp:attachment":[{"href":"https:\/\/imais.online\/portal\/wp-json\/wp\/v2\/media?parent=5083"}],"wp:term":[{"taxonomy":"category","embeddable":true,"href":"https:\/\/imais.online\/portal\/wp-json\/wp\/v2\/categories?post=5083"},{"taxonomy":"post_tag","embeddable":true,"href":"https:\/\/imais.online\/portal\/wp-json\/wp\/v2\/tags?post=5083"}],"curies":[{"name":"wp","href":"https:\/\/api.w.org\/{rel}","templated":true}]}}