{"id":5128,"date":"2022-03-22T14:29:07","date_gmt":"2022-03-22T17:29:07","guid":{"rendered":"https:\/\/imais.online\/portal\/?p=5128"},"modified":"2022-03-22T14:29:08","modified_gmt":"2022-03-22T17:29:08","slug":"governadores-decidem-congelar-icms-sobre-combustiveis-por-mais-90-dias","status":"publish","type":"post","link":"https:\/\/imais.online\/portal\/governadores-decidem-congelar-icms-sobre-combustiveis-por-mais-90-dias\/","title":{"rendered":"Governadores decidem congelar ICMS sobre combust\u00edveis por mais 90 dias"},"content":{"rendered":"<div class=\"imais-before-content-placement\" id=\"imais-2019296506\"><script async src=\"\/\/pagead2.googlesyndication.com\/pagead\/js\/adsbygoogle.js?client=ca-pub-8787528412751566\" crossorigin=\"anonymous\"><\/script><ins class=\"adsbygoogle\" style=\"display:block;\" data-ad-client=\"ca-pub-8787528412751566\" \ndata-ad-slot=\"\" \ndata-ad-format=\"auto\"><\/ins>\n<script> \n(adsbygoogle = window.adsbygoogle || []).push({}); \n<\/script>\n<\/div>\n<h2 class=\"has-text-align-center wp-block-heading\">Decis\u00e3o ser\u00e1 tomada pelo Conselho Nacional de Secret\u00e1rios de Fazenda. Gestores definiram fazer novo c\u00e1lculo do ICMS sobre diesel<\/h2>\n\n\n\n<p>Em reuni\u00e3o nesta ter\u00e7a-feira (22), o F\u00f3rum dos Governadores decidiu autorizar a prorroga\u00e7\u00e3o por mais 90 dias do congelamento do PMPF (Pre\u00e7o M\u00e9dio Ponderado ao Consumidor Final) do ICMS (Imposto sobre Circula\u00e7\u00e3o de Mercadorias e Servi\u00e7os) sobre a gasolina, etanol e o g\u00e1s de cozinha.&nbsp;Tamb\u00e9m foi anunciada a decis\u00e3o de definir a al\u00edquota \u00fanica de ICMS sobre diesel na pr\u00f3xima quinta-feira.<\/p>\n\n\n\n<p>A decis\u00e3o ainda precisa ser oficializada pelo Comsefaz (Comit\u00ea Nacional de Secret\u00e1rios da Fazenda, Finan\u00e7as, Receitas ou Tributa\u00e7\u00e3o dos Estados e Distrito Federal), na pr\u00f3xima quinta-feira (24).\u00a0O congelamento foi definido em novembro do ano passado e prorrogado em janeiro deste ano para at\u00e9 31 de mar\u00e7o.<\/p>\n\n\n\n<p>A defini\u00e7\u00e3o foi anunciada pelo governador do Piau\u00ed,&nbsp;Wellington Dias, que frisou que o congelamento j\u00e1 foi adotado e que mesmo assim houve aumento de combust\u00edvel. Para ele, isso mostra que o problema n\u00e3o \u00e9 o ICMS. &#8220;Precisa ter uma pol\u00edtica de amplia\u00e7\u00e3o de produ\u00e7\u00e3o de gasolina e diesel dentro do Brasil. Brasil \u00e9 autossuficiente em petr\u00f3leo, mas \u00e9 um pa\u00eds dependente de compra de gasolina e diesel de outros pa\u00edses&#8221;, afirmou.<\/p>\n\n\n\n<p>Petrobras.<\/p>\n\n\n\n<figure class=\"wp-block-image\"><img decoding=\"async\" src=\"https:\/\/img.r7.com\/images\/ibaneis-participa-do-forum-nacional-dos-governadores-03022022164437060?dimensions=771x420\" alt=\"Wellington Dias (\u00e0 direita), com governador do DF, Ibaneis Rocha, e seu vice, Paco Britto\n\" title=\"Wellington Dias (\u00e0 direita), com governador do DF, Ibaneis Rocha, e seu vice, Paco Britto\n\"\/><\/figure>\n\n\n\n<h4 class=\"wp-block-heading\">Wellington Dias (\u00e0 direita), com governador do DF, Ibaneis Rocha, e seu vice, Paco Britto<\/h4>\n\n\n\n<p>RENATO ALVES\/ AG\u00caNCIA BRAS\u00cdLIA<\/p>\n\n\n\n<p>Em atendimento ao projeto de lei aprovado no Congresso no \u00faltimo dia 10, e j\u00e1 sancionado pelo Executivo, os governadores tamb\u00e9m decidiram adotar um novo c\u00e1lculo do ICMS sobre diesel. A lei \u00e9 amplamente questionada pelos gestores, que pretendem ir ao STF (Supremo Tribunal Federal) contra ela.\u00a0<\/p>\n\n\n\n<p>Imaginando a resist\u00eancia dos governadores, os parlamentares inclu\u00edram no projeto que os gestores adotem nova al\u00edquota sobre o ICMS para combust\u00edveis e que o c\u00e1lculo do tributo sobre opera\u00e7\u00f5es que envolvem diesel dever\u00e1 ser feito com base na m\u00e9dia m\u00f3vel dos pre\u00e7os m\u00e9dios praticados ao consumidor final nos 60 meses anteriores. Assim, o valor seria bem abaixo do praticado no momento.<\/p>\n\n\n\n<p>Para evitar isso, eles decidiram alterar logo o c\u00e1lculo do imposto sobre o diesel. No caso dos outros combust\u00edveis, mantiveram o congelamento do PMPF, e n\u00e3o h\u00e1 previs\u00e3o de revisarem a al\u00edquota para eles.<\/p>\n\n\n\n<p>Fonte R7<\/p>\n","protected":false},"excerpt":{"rendered":"<p>Decis\u00e3o ser\u00e1 tomada pelo Conselho Nacional de Secret\u00e1rios de Fazenda. Gestores definiram fazer novo c\u00e1lculo do ICMS sobre diesel Em reuni\u00e3o nesta ter\u00e7a-feira (22), o F\u00f3rum dos Governadores decidiu autorizar a prorroga\u00e7\u00e3o por mais 90 dias do congelamento do PMPF (Pre\u00e7o M\u00e9dio Ponderado ao Consumidor Final) do ICMS (Imposto sobre Circula\u00e7\u00e3o de Mercadorias e Servi\u00e7os) [&hellip;]<\/p>\n","protected":false},"author":8,"featured_media":5129,"comment_status":"closed","ping_status":"open","sticky":false,"template":"","format":"standard","meta":{"rop_custom_images_group":[],"rop_custom_messages_group":[],"rop_publish_now":"initial","rop_publish_now_accounts":[],"rop_publish_now_history":[],"rop_publish_now_status":"pending","footnotes":""},"categories":[192],"tags":[73],"class_list":["post-5128","post","type-post","status-publish","format-standard","has-post-thumbnail","hentry","category-economia","tag-featured"],"amp_enabled":true,"_links":{"self":[{"href":"https:\/\/imais.online\/portal\/wp-json\/wp\/v2\/posts\/5128","targetHints":{"allow":["GET"]}}],"collection":[{"href":"https:\/\/imais.online\/portal\/wp-json\/wp\/v2\/posts"}],"about":[{"href":"https:\/\/imais.online\/portal\/wp-json\/wp\/v2\/types\/post"}],"author":[{"embeddable":true,"href":"https:\/\/imais.online\/portal\/wp-json\/wp\/v2\/users\/8"}],"replies":[{"embeddable":true,"href":"https:\/\/imais.online\/portal\/wp-json\/wp\/v2\/comments?post=5128"}],"version-history":[{"count":1,"href":"https:\/\/imais.online\/portal\/wp-json\/wp\/v2\/posts\/5128\/revisions"}],"predecessor-version":[{"id":5130,"href":"https:\/\/imais.online\/portal\/wp-json\/wp\/v2\/posts\/5128\/revisions\/5130"}],"wp:featuredmedia":[{"embeddable":true,"href":"https:\/\/imais.online\/portal\/wp-json\/wp\/v2\/media\/5129"}],"wp:attachment":[{"href":"https:\/\/imais.online\/portal\/wp-json\/wp\/v2\/media?parent=5128"}],"wp:term":[{"taxonomy":"category","embeddable":true,"href":"https:\/\/imais.online\/portal\/wp-json\/wp\/v2\/categories?post=5128"},{"taxonomy":"post_tag","embeddable":true,"href":"https:\/\/imais.online\/portal\/wp-json\/wp\/v2\/tags?post=5128"}],"curies":[{"name":"wp","href":"https:\/\/api.w.org\/{rel}","templated":true}]}}