{"id":5185,"date":"2022-03-24T14:59:58","date_gmt":"2022-03-24T17:59:58","guid":{"rendered":"https:\/\/imais.online\/portal\/?p=5185"},"modified":"2022-03-24T15:00:00","modified_gmt":"2022-03-24T18:00:00","slug":"senado-aprova-lei-aldir-blanc-2-que-preve-repasse-de-r-3-bi-anuais-por-5-anos-a-cultura","status":"publish","type":"post","link":"https:\/\/imais.online\/portal\/senado-aprova-lei-aldir-blanc-2-que-preve-repasse-de-r-3-bi-anuais-por-5-anos-a-cultura\/","title":{"rendered":"Senado aprova Lei Aldir Blanc 2, que prev\u00ea repasse de R$ 3 bi anuais por 5 anos \u00e0 cultura"},"content":{"rendered":"<div class=\"imais-before-content-placement\" id=\"imais-2573894631\"><script async src=\"\/\/pagead2.googlesyndication.com\/pagead\/js\/adsbygoogle.js?client=ca-pub-8787528412751566\" crossorigin=\"anonymous\"><\/script><ins class=\"adsbygoogle\" style=\"display:block;\" data-ad-client=\"ca-pub-8787528412751566\" \ndata-ad-slot=\"\" \ndata-ad-format=\"auto\"><\/ins>\n<script> \n(adsbygoogle = window.adsbygoogle || []).push({}); \n<\/script>\n<\/div>\n<h2 class=\"wp-block-heading\">Projeto estende benef\u00edcio criado para minimizar impactos da Covid-19 no setor; texto segue para san\u00e7\u00e3o presidencial<\/h2>\n\n\n\n<p>O Senado aprovou nesta quarta-feira (23) o projeto de lei que cria a Pol\u00edtica Nacional Aldir Blanc de Fomento \u00e0 Cultura e autoriza o\u00a0repasse\u00a0de R$ 3 bilh\u00f5es anuais para estados, o\u00a0Distrito Federal\u00a0e munic\u00edpios. Chamada de\u00a0Lei Aldir Blanc\u00a02, a proposta estende por mais cinco anos o benef\u00edcio concedido como incentivo ao\u00a0setor cultural, como forma de minimizar o impacto econ\u00f4mico no segmento no pa\u00eds.<\/p>\n\n\n\n<p>O texto segue para san\u00e7\u00e3o presidencial. O nome da lei \u00e9 uma homenagem ao compositor Aldir Blanc, que morreu por consequ\u00eancia da\u00a0Covid-19\u00a0em maio de 2020. O artista \u00e9 o autor de can\u00e7\u00f5es de sucesso na\u00a0m\u00fasica popular\u00a0brasileira, como\u00a0<em>O B\u00eabado e a Equilibrista<\/em>\u00a0e\u00a0<em>Dois pra L\u00e1, Dois pra C\u00e1<\/em>, ambas eternizadas na voz de\u00a0Elis Regina,\u00a0<em>Cors\u00e1rio<\/em>, interpretada por Jo\u00e3o Bosco, e\u00a0<em>Resposta ao Tempo<\/em>, cantada por Nana Caymmi.<\/p>\n\n\n\n<p>O projeto prev\u00ea que 80% dos\u00a0recursos\u00a0sejam destinados a editais, pr\u00eamios e cursos, atividades art\u00edsticas e manuten\u00e7\u00e3o de espa\u00e7os art\u00edsticos permanentes. O restante ser\u00e1 utilizado para a\u00e7\u00f5es de\u00a0incentivo\u00a0direto a programas e projetos culturais.<\/p>\n\n\n\n<p>Podem receber a verba a\u00e7\u00f5es e atividades como exposi\u00e7\u00f5es,\u00a0festivais, festas populares, feiras e espet\u00e1culos, pr\u00eamios, cursos, concess\u00e3o de bolsas de estudo e realiza\u00e7\u00e3o de interc\u00e2mbio\u00a0cultural. A lei tamb\u00e9m prev\u00ea recursos para aquisi\u00e7\u00e3o de obras de arte, preserva\u00e7\u00e3o, organiza\u00e7\u00e3o, digitaliza\u00e7\u00e3o do patrim\u00f4nio cultural, constru\u00e7\u00e3o ou reforma de museus,\u00a0bibliotecas, centros culturais e teatros, aquisi\u00e7\u00e3o de im\u00f3veis tombados para instala\u00e7\u00e3o de equipamentos culturais e manuten\u00e7\u00e3o de companhias e orquestras.<\/p>\n\n\n\n<figure class=\"wp-block-image\"><img decoding=\"async\" src=\"https:\/\/img.r7.com\/images\/aldir-blanc-15042020142535611?dimensions=771x420\" alt=\"O compositor Aldir Blanc, que d\u00e1 nome \u00e0 lei de incentivo \u00e0 cultura\n\" title=\"O compositor Aldir Blanc, que d\u00e1 nome \u00e0 lei de incentivo \u00e0 cultura\n\"\/><\/figure>\n\n\n\n<h4 class=\"wp-block-heading\">O compositor Aldir Blanc, que d\u00e1 nome \u00e0 lei de incentivo \u00e0 cultura  ESTAD\u00c3O CONTE\u00daDO\/ALAOR FILHO &#8211; 29\/09\/2006 <\/h4>\n\n\n\n<p>Pela proposta, o dinheiro n\u00e3o pode ser usado para pagamento de pessoal ativo ou inativo de \u00f3rg\u00e3os ou entidades da administra\u00e7\u00e3o direta ou indireta. A lei limita a 5% o valor destinado a empresas terceirizadas, com as despesas destinadas exclusivamente a atividades de consultoria, emiss\u00e3o de pareceres e participa\u00e7\u00e3o em comiss\u00f5es julgadoras de projetos.<\/p>\n\n\n\n<p>Como contrapartida, os\u00a0benefici\u00e1rios da lei\u00a0devem promover atividades gratuitas para alunos de escolas p\u00fablicas e para a comunidade em geral. Outra obriga\u00e7\u00e3o \u00e9 a realiza\u00e7\u00e3o de apresenta\u00e7\u00f5es ao vivo com intera\u00e7\u00e3o popular e em intervalos regulares. Toda a utiliza\u00e7\u00e3o da verba deve ser justificada em at\u00e9 180 dias a partir do recebimento dos valores.<\/p>\n\n\n\n<h3 class=\"wp-block-heading\">Repasses e fontes<\/h3>\n\n\n\n<p>Estados e o DF recebem metade dos\u00a0recursos, sendo 20% desse montante conforme crit\u00e9rios de rateio do FPE (Fundo de Participa\u00e7\u00e3o dos Estados e do Distrito Federal) e 80% de acordo com o crit\u00e9rio populacional. O restante ser\u00e1 encaminhado para as prefeituras, com 20% seguindo as regras do FPM (Fundo de Participa\u00e7\u00e3o dos Munic\u00edpios) e 80% em propor\u00e7\u00e3o ao n\u00famero de habitantes.<\/p>\n\n\n\n<p>Como fontes de recursos, a lei cita dota\u00e7\u00f5es or\u00e7ament\u00e1rias e cr\u00e9ditos adicionais, com\u00a0financiamento\u00a0a partir de super\u00e1vit do FNC (Fundo Nacional de Cultura) e subven\u00e7\u00f5es de organismos nacionais e internacionais, entre outros.<\/p>\n\n\n\n<figure class=\"wp-block-image\"><img decoding=\"async\" src=\"https:\/\/img.r7.com\/images\/r7rio-032022-museu-de-arte-do-rio-08032022125530699?dimensions=771x420&amp;&amp;&amp;resize=771x420&amp;crop=1170x637+0+63&amp;&amp;resize=771x420&amp;crop=1170x637+0+63\" alt=\"Museu de Arte do Rio de Janeiro\n\" title=\"Museu de Arte do Rio de Janeiro\n\"\/><\/figure>\n\n\n\n<h4 class=\"wp-block-heading\">Museu de Arte do Rio de Janeiro &#8211;  TOMAZ SILVA\/AG\u00caNCIA BRASIL <\/h4>\n\n\n\n<h3 class=\"wp-block-heading\">Texto alterado<\/h3>\n\n\n\n<p>O projeto recebeu emendas antes de ser levado ao\u00a0plen\u00e1rio do Senado. Uma das altera\u00e7\u00f5es foi a que torna claro que o limite de cinco anos se refere apenas aos recursos da Uni\u00e3o e n\u00e3o \u00e0 pol\u00edtica nacional de fomento \u00e0 cultura.<\/p>\n\n\n\n<p>Outro ponto que foi inclu\u00eddo no texto diz que o uso dos recursos de reembolso das opera\u00e7\u00f5es de empr\u00e9stimo realizadas por meio do FNC s\u00f3 deve ocorrer ap\u00f3s o fim do exerc\u00edcio financeiro. A medida tem o intuito de contribuir para gerar super\u00e1vit financeiro e evitar o esvaziamento do fundo.<\/p>\n\n\n\n<p>A lei tamb\u00e9m prev\u00ea a cria\u00e7\u00e3o da Loteria Federal da Cultura, mas o trecho deve ser vetado pelo presidente\u00a0Jair Bolsonaro. A proposta era que 3% da arrecada\u00e7\u00e3o bruta com os concursos fossem repassados ao setor de cultura. Apesar de permanecer no texto final, houve um acordo entre governo e Congresso Nacional para que a mat\u00e9ria fosse aprovada pelo Legislativo, sobre o veto ao trecho. A justificativa \u00e9 que h\u00e1 fontes suficientes de recursos, e a destina\u00e7\u00e3o obrigat\u00f3ria do percentual poderia sobrecarregar a loteria, que j\u00e1 atende a outros segmntos.<\/p>\n\n\n\n<p>Fonte R7<\/p>\n","protected":false},"excerpt":{"rendered":"<p>Projeto estende benef\u00edcio criado para minimizar impactos da Covid-19 no setor; texto segue para san\u00e7\u00e3o presidencial O Senado aprovou nesta quarta-feira (23) o projeto de lei que cria a Pol\u00edtica Nacional Aldir Blanc de Fomento \u00e0 Cultura e autoriza o\u00a0repasse\u00a0de R$ 3 bilh\u00f5es anuais para estados, o\u00a0Distrito Federal\u00a0e munic\u00edpios. Chamada de\u00a0Lei Aldir Blanc\u00a02, a proposta [&hellip;]<\/p>\n","protected":false},"author":8,"featured_media":5186,"comment_status":"closed","ping_status":"open","sticky":false,"template":"","format":"standard","meta":{"rop_custom_images_group":[],"rop_custom_messages_group":[],"rop_publish_now":"initial","rop_publish_now_accounts":[],"rop_publish_now_history":[],"rop_publish_now_status":"pending","footnotes":""},"categories":[192],"tags":[],"class_list":["post-5185","post","type-post","status-publish","format-standard","has-post-thumbnail","hentry","category-economia"],"amp_enabled":true,"_links":{"self":[{"href":"https:\/\/imais.online\/portal\/wp-json\/wp\/v2\/posts\/5185","targetHints":{"allow":["GET"]}}],"collection":[{"href":"https:\/\/imais.online\/portal\/wp-json\/wp\/v2\/posts"}],"about":[{"href":"https:\/\/imais.online\/portal\/wp-json\/wp\/v2\/types\/post"}],"author":[{"embeddable":true,"href":"https:\/\/imais.online\/portal\/wp-json\/wp\/v2\/users\/8"}],"replies":[{"embeddable":true,"href":"https:\/\/imais.online\/portal\/wp-json\/wp\/v2\/comments?post=5185"}],"version-history":[{"count":1,"href":"https:\/\/imais.online\/portal\/wp-json\/wp\/v2\/posts\/5185\/revisions"}],"predecessor-version":[{"id":5187,"href":"https:\/\/imais.online\/portal\/wp-json\/wp\/v2\/posts\/5185\/revisions\/5187"}],"wp:featuredmedia":[{"embeddable":true,"href":"https:\/\/imais.online\/portal\/wp-json\/wp\/v2\/media\/5186"}],"wp:attachment":[{"href":"https:\/\/imais.online\/portal\/wp-json\/wp\/v2\/media?parent=5185"}],"wp:term":[{"taxonomy":"category","embeddable":true,"href":"https:\/\/imais.online\/portal\/wp-json\/wp\/v2\/categories?post=5185"},{"taxonomy":"post_tag","embeddable":true,"href":"https:\/\/imais.online\/portal\/wp-json\/wp\/v2\/tags?post=5185"}],"curies":[{"name":"wp","href":"https:\/\/api.w.org\/{rel}","templated":true}]}}