{"id":5217,"date":"2022-03-25T16:13:45","date_gmt":"2022-03-25T19:13:45","guid":{"rendered":"https:\/\/imais.online\/portal\/?p=5217"},"modified":"2022-03-25T16:14:06","modified_gmt":"2022-03-25T19:14:06","slug":"ovo-de-pascoa-esta-ate-40-mais-caro-que-em-2021-mostra-pesquisa","status":"publish","type":"post","link":"https:\/\/imais.online\/portal\/ovo-de-pascoa-esta-ate-40-mais-caro-que-em-2021-mostra-pesquisa\/","title":{"rendered":"Ovo de P\u00e1scoa est\u00e1 at\u00e9 40% mais caro que em 2021, mostra pesquisa"},"content":{"rendered":"<div class=\"imais-before-content-placement\" id=\"imais-1183656408\"><script async src=\"\/\/pagead2.googlesyndication.com\/pagead\/js\/adsbygoogle.js?client=ca-pub-8787528412751566\" crossorigin=\"anonymous\"><\/script><ins class=\"adsbygoogle\" style=\"display:block;\" data-ad-client=\"ca-pub-8787528412751566\" \ndata-ad-slot=\"\" \ndata-ad-format=\"auto\"><\/ins>\n<script> \n(adsbygoogle = window.adsbygoogle || []).push({}); \n<\/script>\n<\/div>\n<h2 class=\"has-text-align-center wp-block-heading\">Associa\u00e7\u00e3o de supermercados afirma que outros produtos consumidos na data podem ter desacelera\u00e7\u00e3o de pre\u00e7o<\/h2>\n\n\n\n<p>Os\u00a0<strong>ovos de P\u00e1scoa<\/strong>\u00a0est\u00e3o at\u00e9 40% mais caros nos supermercados neste ano, em rela\u00e7\u00e3o a 2021. No entanto, produtos como bacalhau, chocolate, vinho, massa fresca, pescado e bombom tendem a apresentar menor acelera\u00e7\u00e3o nos pre\u00e7os at\u00e9 o feriado, ou mesmo, em alguns casos, uma leve redu\u00e7\u00e3o.<\/p>\n\n\n\n<p>A informa\u00e7\u00e3o \u00e9 de um estudo realizado pela Apas (Associa\u00e7\u00e3o Paulista de Supermercados) segundo o qual os produtos mais consumidos na P\u00e1scoa est\u00e3o com o pre\u00e7o em desacelera\u00e7\u00e3o, em compara\u00e7\u00e3o com o mesmo per\u00edodo do ano passado.<\/p>\n\n\n\n<p>A estimativa do setor \u00e9 de um aumento de 36% nas vendas de chocolates nesta P\u00e1scoa. \u201cEm um setor competitivo como o supermercadista, sai na frente aquele que consegue negociar os melhores pre\u00e7os com os produtores, fornecedores e a ind\u00fastria de modo geral. Essa capacidade de negociar, aliada ao mix de marcas e produtos dispon\u00edveis ao consumidor, reduz o impacto da infla\u00e7\u00e3o no bolso do consumidor\u201d, avalia Ronaldo dos Santos, presidente da Apas.<\/p>\n\n\n\n<p>A P\u00e1scoa \u00e9 a terceira data mais importante para o varejo de alimentos, atr\u00e1s do Natal e da Black Friday. A data costuma elevar o t\u00edquete m\u00e9dio em 14% na compara\u00e7\u00e3o com o m\u00eas anterior.<\/p>\n\n\n\n<p>Segundo\u00a0levantamento da Apas, esse hist\u00f3rico e a redu\u00e7\u00e3o dos \u00edndices de desemprego apresentados no\u00a0in\u00edcio do ano fizeram com que 37% dos empres\u00e1rios do setor supermercadista ficassem mais\u00a0otimistas com as vendas da P\u00e1scoa deste ano, em rela\u00e7\u00e3o \u00e0s do ano passado, enquanto\u00a045% acreditam que o desempenho ser\u00e1 semelhante ao de 2021.<\/p>\n\n\n\n<h3 class=\"wp-block-heading\">Lembrancinhas<\/h3>\n\n\n\n<p>Neste ano, diversos supermercados est\u00e3o mudando a configura\u00e7\u00e3o das ofertas de P\u00e1scoa, reservando espa\u00e7os menores para as parreiras de ovos de chocolate, com apresenta\u00e7\u00e3o de produtos menores (mais ovos de 250 g, em detrimento dos de 500 g a 1 kg do ano passado), al\u00e9m de maior disponibiliza\u00e7\u00e3o de chocolates e bombons. A tend\u00eancia \u00e9 que os consumidores optem por presentear com lembrancinhas, ou seja, com produtos menores e mais baratos.&nbsp;<\/p>\n\n\n\n<p>Os minimercados e lojas de proximidade (mercados de vizinhan\u00e7a) devem ofertar ovos de P\u00e1scoa como compra de emerg\u00eancia, apresentando ao cliente um refor\u00e7o no mix das barras e caixas de chocolate. \u201cO pequeno espa\u00e7o dispon\u00edvel faz com que os gestores desses mercados sejam muito objetivos na escolha e na apresenta\u00e7\u00e3o de seus produtos aos consumidores\u201d, explica Diego Pereira, economista da Apas.<\/p>\n\n\n\n<p>Fonte R7<\/p>\n","protected":false},"excerpt":{"rendered":"<p>Associa\u00e7\u00e3o de supermercados afirma que outros produtos consumidos na data podem ter desacelera\u00e7\u00e3o de pre\u00e7o Os\u00a0ovos de P\u00e1scoa\u00a0est\u00e3o at\u00e9 40% mais caros nos supermercados neste ano, em rela\u00e7\u00e3o a 2021. No entanto, produtos como bacalhau, chocolate, vinho, massa fresca, pescado e bombom tendem a apresentar menor acelera\u00e7\u00e3o nos pre\u00e7os at\u00e9 o feriado, ou mesmo, em [&hellip;]<\/p>\n","protected":false},"author":8,"featured_media":5218,"comment_status":"closed","ping_status":"open","sticky":false,"template":"","format":"standard","meta":{"rop_custom_images_group":[],"rop_custom_messages_group":[],"rop_publish_now":"initial","rop_publish_now_accounts":[],"rop_publish_now_history":[],"rop_publish_now_status":"pending","footnotes":""},"categories":[192],"tags":[73],"class_list":["post-5217","post","type-post","status-publish","format-standard","has-post-thumbnail","hentry","category-economia","tag-featured"],"amp_enabled":true,"_links":{"self":[{"href":"https:\/\/imais.online\/portal\/wp-json\/wp\/v2\/posts\/5217","targetHints":{"allow":["GET"]}}],"collection":[{"href":"https:\/\/imais.online\/portal\/wp-json\/wp\/v2\/posts"}],"about":[{"href":"https:\/\/imais.online\/portal\/wp-json\/wp\/v2\/types\/post"}],"author":[{"embeddable":true,"href":"https:\/\/imais.online\/portal\/wp-json\/wp\/v2\/users\/8"}],"replies":[{"embeddable":true,"href":"https:\/\/imais.online\/portal\/wp-json\/wp\/v2\/comments?post=5217"}],"version-history":[{"count":1,"href":"https:\/\/imais.online\/portal\/wp-json\/wp\/v2\/posts\/5217\/revisions"}],"predecessor-version":[{"id":5219,"href":"https:\/\/imais.online\/portal\/wp-json\/wp\/v2\/posts\/5217\/revisions\/5219"}],"wp:featuredmedia":[{"embeddable":true,"href":"https:\/\/imais.online\/portal\/wp-json\/wp\/v2\/media\/5218"}],"wp:attachment":[{"href":"https:\/\/imais.online\/portal\/wp-json\/wp\/v2\/media?parent=5217"}],"wp:term":[{"taxonomy":"category","embeddable":true,"href":"https:\/\/imais.online\/portal\/wp-json\/wp\/v2\/categories?post=5217"},{"taxonomy":"post_tag","embeddable":true,"href":"https:\/\/imais.online\/portal\/wp-json\/wp\/v2\/tags?post=5217"}],"curies":[{"name":"wp","href":"https:\/\/api.w.org\/{rel}","templated":true}]}}