{"id":5247,"date":"2022-03-28T14:21:01","date_gmt":"2022-03-28T17:21:01","guid":{"rendered":"https:\/\/imais.online\/portal\/?p=5247"},"modified":"2022-03-28T14:21:03","modified_gmt":"2022-03-28T17:21:03","slug":"sp-anuncia-4adose-contra-covid-19-para-pessoas-acima-de-60-anos","status":"publish","type":"post","link":"https:\/\/imais.online\/portal\/sp-anuncia-4adose-contra-covid-19-para-pessoas-acima-de-60-anos\/","title":{"rendered":"SP&nbsp;anuncia 4\u00aadose contra covid-19 para pessoas acima de 60 anos"},"content":{"rendered":"<div class=\"imais-before-content-placement\" id=\"imais-708839230\"><script async src=\"\/\/pagead2.googlesyndication.com\/pagead\/js\/adsbygoogle.js?client=ca-pub-8787528412751566\" crossorigin=\"anonymous\"><\/script><ins class=\"adsbygoogle\" style=\"display:block;\" data-ad-client=\"ca-pub-8787528412751566\" \ndata-ad-slot=\"\" \ndata-ad-format=\"auto\"><\/ins>\n<script> \n(adsbygoogle = window.adsbygoogle || []).push({}); \n<\/script>\n<\/div>\n<h3 class=\"wp-block-heading\">Decis\u00e3o levou em conta \u00edndice de mortos pela \u00d4micron na faixa et\u00e1ria<\/h3>\n\n\n\n<p>Idosos acima de 60 anos come\u00e7am a ser imunizados com a quarta dose da vacina contra covid-19 a partir do dia&nbsp;5 de abril&nbsp;em todo o estado de S\u00e3o Paulo, de acordo com an\u00fancio feito ontem&nbsp;(27) pelo governador Jo\u00e3o Doria. A imuniza\u00e7\u00e3o \u00e9 uma recomenda\u00e7\u00e3o do Comit\u00ea Cient\u00edfico de S\u00e3o Paulo. Estar\u00e3o&nbsp;aptos a receber a&nbsp;quarta&nbsp;dose cerca de 4,5 milh\u00f5es de pessoas, desde que tenham recebido a dose de refor\u00e7o (3\u00aa dose) com um intervalo de quatro meses.<img decoding=\"async\" src=\"https:\/\/agenciabrasil.ebc.com.br\/ebc.png?id=1450743&amp;o=node\"><img decoding=\"async\" src=\"https:\/\/agenciabrasil.ebc.com.br\/ebc.gif?id=1450743&amp;o=node\"><\/p>\n\n\n\n<p>\u201cQuanto mais facilidade oferecermos, especialmente aos finais de semana, melhor para aquelas pessoas que t\u00eam dificuldade de deslocamento durante a semana, pelo trabalho, pela dist\u00e2ncia, pelo estudo ou por outras raz\u00f5es. E aos finais de semana percebemos que a ades\u00e3o cresce no programa de vacina\u00e7\u00e3o, tanto de adultos quanto tamb\u00e9m de crian\u00e7as\u201d, afirmou Doria.<\/p>\n\n\n\n<p>A vacina\u00e7\u00e3o dos idosos acima dos 80 anos j\u00e1 havia come\u00e7ado no dia&nbsp;21 de mar\u00e7o. A decis\u00e3o de vacinar as pessoas acima de 60 anos levou em considera\u00e7\u00e3o o alto \u00edndice de mortalidade entre os idosos desta faixa et\u00e1ria durante a circula\u00e7\u00e3o da variante \u00d4micron.<\/p>\n\n\n\n<p>\u201cEste an\u00fancio \u00e9 mais um importante passo para protegermos a nossa popula\u00e7\u00e3o, principalmente os idosos acima de 60 anos de idade. S\u00e3o Paulo \u00e9 l\u00edder em vacina\u00e7\u00e3o no Brasil com mais de 104 milh\u00f5es de doses aplicadas e mais de 90% da popula\u00e7\u00e3o com duas doses\u201d, destacou a coordenadora do Plano Estadual de Imuniza\u00e7\u00e3o, Regiane de Paula.<\/p>\n\n\n\n<p>Por Fl\u00e1via Albuquerque &#8211; Rep\u00f3rter da Ag\u00eancia Brasil &#8211; S\u00e3o Paulo<\/p>\n","protected":false},"excerpt":{"rendered":"<p>Decis\u00e3o levou em conta \u00edndice de mortos pela \u00d4micron na faixa et\u00e1ria Idosos acima de 60 anos come\u00e7am a ser imunizados com a quarta dose da vacina contra covid-19 a partir do dia&nbsp;5 de abril&nbsp;em todo o estado de S\u00e3o Paulo, de acordo com an\u00fancio feito ontem&nbsp;(27) pelo governador Jo\u00e3o Doria. A imuniza\u00e7\u00e3o \u00e9 uma [&hellip;]<\/p>\n","protected":false},"author":8,"featured_media":5248,"comment_status":"closed","ping_status":"open","sticky":false,"template":"","format":"standard","meta":{"rop_custom_images_group":[],"rop_custom_messages_group":[],"rop_publish_now":"initial","rop_publish_now_accounts":[],"rop_publish_now_history":[],"rop_publish_now_status":"pending","footnotes":""},"categories":[195],"tags":[73],"class_list":["post-5247","post","type-post","status-publish","format-standard","has-post-thumbnail","hentry","category-sao-paulo","tag-featured"],"amp_enabled":true,"_links":{"self":[{"href":"https:\/\/imais.online\/portal\/wp-json\/wp\/v2\/posts\/5247","targetHints":{"allow":["GET"]}}],"collection":[{"href":"https:\/\/imais.online\/portal\/wp-json\/wp\/v2\/posts"}],"about":[{"href":"https:\/\/imais.online\/portal\/wp-json\/wp\/v2\/types\/post"}],"author":[{"embeddable":true,"href":"https:\/\/imais.online\/portal\/wp-json\/wp\/v2\/users\/8"}],"replies":[{"embeddable":true,"href":"https:\/\/imais.online\/portal\/wp-json\/wp\/v2\/comments?post=5247"}],"version-history":[{"count":1,"href":"https:\/\/imais.online\/portal\/wp-json\/wp\/v2\/posts\/5247\/revisions"}],"predecessor-version":[{"id":5249,"href":"https:\/\/imais.online\/portal\/wp-json\/wp\/v2\/posts\/5247\/revisions\/5249"}],"wp:featuredmedia":[{"embeddable":true,"href":"https:\/\/imais.online\/portal\/wp-json\/wp\/v2\/media\/5248"}],"wp:attachment":[{"href":"https:\/\/imais.online\/portal\/wp-json\/wp\/v2\/media?parent=5247"}],"wp:term":[{"taxonomy":"category","embeddable":true,"href":"https:\/\/imais.online\/portal\/wp-json\/wp\/v2\/categories?post=5247"},{"taxonomy":"post_tag","embeddable":true,"href":"https:\/\/imais.online\/portal\/wp-json\/wp\/v2\/tags?post=5247"}],"curies":[{"name":"wp","href":"https:\/\/api.w.org\/{rel}","templated":true}]}}