{"id":5304,"date":"2022-03-31T08:58:31","date_gmt":"2022-03-31T11:58:31","guid":{"rendered":"https:\/\/imais.online\/portal\/?p=5304"},"modified":"2022-03-31T08:58:32","modified_gmt":"2022-03-31T11:58:32","slug":"doria-desiste-da-candidatura-a-presidencia-e-nao-concorrera-a-reeleicao-em-sp","status":"publish","type":"post","link":"https:\/\/imais.online\/portal\/doria-desiste-da-candidatura-a-presidencia-e-nao-concorrera-a-reeleicao-em-sp\/","title":{"rendered":"Doria desiste da candidatura \u00e0 presid\u00eancia e n\u00e3o concorrer\u00e1 \u00e0 reelei\u00e7\u00e3o em SP"},"content":{"rendered":"<div class=\"imais-before-content-placement\" id=\"imais-1941415\"><script async src=\"\/\/pagead2.googlesyndication.com\/pagead\/js\/adsbygoogle.js?client=ca-pub-8787528412751566\" crossorigin=\"anonymous\"><\/script><ins class=\"adsbygoogle\" style=\"display:block;\" data-ad-client=\"ca-pub-8787528412751566\" \ndata-ad-slot=\"\" \ndata-ad-format=\"auto\"><\/ins>\n<script> \n(adsbygoogle = window.adsbygoogle || []).push({}); \n<\/script>\n<\/div>\n<p class=\"has-text-align-center\">Candidato pelo PSDB, governador de SP teria uma s\u00e9rie de compromissos nesta quinta, mas agendas foram canceladas<\/p>\n\n\n\n<p>O governador de S\u00e3o Paulo, Jo\u00e3o Doria, deve anunciar nesta quinta-feira (31) a desist\u00eancia da disputa \u00e0 Presid\u00eancia da Rep\u00fablica nas elei\u00e7\u00f5es 2022 pelo PSDB. Ele tinha uma s\u00e9rie de compromissos que foram cancelados de \u00faltima hora.<\/p>\n\n\n\n<p>Por meio de nota, a assessoria de imprensa do Governo de S\u00e3o Paulo informou: &#8220;Ao contr\u00e1rio do previsto anteriormente, o governador n\u00e3o ir\u00e1 mais at\u00e9 o Edif\u00edcio-Monumento do Novo Museu do Ipiranga, ao Parque da Cidadania em Heli\u00f3polis e \u00e0 B3. Apenas essa agenda da B3 est\u00e1 mantida, mas sem a presen\u00e7a dele&#8221;.<\/p>\n\n\n\n<p>A participa\u00e7\u00e3o do governador foi confirmada apenas no 4\u00ba Semin\u00e1rio Municipalista, que se realiza no Pal\u00e1cio dos Bandeirantes, \u00e0s 16h. Na ocasi\u00e3o, est\u00e1 previsto um pronunciamento dele \u00e0 imprensa. Na coletiva desta quarta-feira (30), sobre medidas contra a Covid-19, Doria evitou antecipar informa\u00e7\u00f5es sobre a candidatura.<\/p>\n\n\n\n<p>Nesta manh\u00e3, o governador de S\u00e3o Paulo teria surpreendido aliados e auxiliares ao comunicar que desistiu de concorrer \u00e0 Presid\u00eancia. Ele deixaria o cargo no Executivo paulista hoje.<\/p>\n\n\n\n<p>O fato teria pego de surpresa tamb\u00e9m o vice-governador Rodrigo Garcia (PSDB), que era apresentado por Doria como CEO do governo e assumiria o cargo. Garcia chegou a pedir demiss\u00e3o da Secretaria de Governo.<\/p>\n\n\n\n<p>Segundo aliados, o governador deve tamb\u00e9m anunciar a sa\u00edda do PSDB e que n\u00e3o vai tentar a reelei\u00e7\u00e3o ao Governo de S\u00e3o Paulo.<\/p>\n\n\n\n<p>Na noite desta quarta-feira, em jantar com amigos, empres\u00e1rios, aliados e secret\u00e1rios, sem a presen\u00e7a de Garcia,\u00a0<strong>Doria havia sinalizado, em discurso, que poderia abrir m\u00e3o da disputa<\/strong>. &#8220;N\u00e3o fa\u00e7o imposi\u00e7\u00e3o do meu nome, pelo contr\u00e1rio. N\u00e3o parto do pressuposto que tem que ser eu. \u00c9 preciso ter grandeza e esp\u00edrito elevado&#8221;, afirmou o governador paulista.<\/p>\n\n\n\n<p><strong>Via R7.com<\/strong><\/p>\n\n\n\n<p><\/p>\n","protected":false},"excerpt":{"rendered":"<p>Candidato pelo PSDB, governador de SP teria uma s\u00e9rie de compromissos nesta quinta, mas agendas foram canceladas O governador de S\u00e3o Paulo, Jo\u00e3o Doria, deve anunciar nesta quinta-feira (31) a desist\u00eancia da disputa \u00e0 Presid\u00eancia da Rep\u00fablica nas elei\u00e7\u00f5es 2022 pelo PSDB. Ele tinha uma s\u00e9rie de compromissos que foram cancelados de \u00faltima hora. Por [&hellip;]<\/p>\n","protected":false},"author":7,"featured_media":5305,"comment_status":"closed","ping_status":"open","sticky":false,"template":"","format":"standard","meta":{"rop_custom_images_group":[],"rop_custom_messages_group":[],"rop_publish_now":"initial","rop_publish_now_accounts":[],"rop_publish_now_history":[],"rop_publish_now_status":"pending","footnotes":""},"categories":[195],"tags":[73],"class_list":["post-5304","post","type-post","status-publish","format-standard","has-post-thumbnail","hentry","category-sao-paulo","tag-featured"],"amp_enabled":true,"_links":{"self":[{"href":"https:\/\/imais.online\/portal\/wp-json\/wp\/v2\/posts\/5304","targetHints":{"allow":["GET"]}}],"collection":[{"href":"https:\/\/imais.online\/portal\/wp-json\/wp\/v2\/posts"}],"about":[{"href":"https:\/\/imais.online\/portal\/wp-json\/wp\/v2\/types\/post"}],"author":[{"embeddable":true,"href":"https:\/\/imais.online\/portal\/wp-json\/wp\/v2\/users\/7"}],"replies":[{"embeddable":true,"href":"https:\/\/imais.online\/portal\/wp-json\/wp\/v2\/comments?post=5304"}],"version-history":[{"count":1,"href":"https:\/\/imais.online\/portal\/wp-json\/wp\/v2\/posts\/5304\/revisions"}],"predecessor-version":[{"id":5306,"href":"https:\/\/imais.online\/portal\/wp-json\/wp\/v2\/posts\/5304\/revisions\/5306"}],"wp:featuredmedia":[{"embeddable":true,"href":"https:\/\/imais.online\/portal\/wp-json\/wp\/v2\/media\/5305"}],"wp:attachment":[{"href":"https:\/\/imais.online\/portal\/wp-json\/wp\/v2\/media?parent=5304"}],"wp:term":[{"taxonomy":"category","embeddable":true,"href":"https:\/\/imais.online\/portal\/wp-json\/wp\/v2\/categories?post=5304"},{"taxonomy":"post_tag","embeddable":true,"href":"https:\/\/imais.online\/portal\/wp-json\/wp\/v2\/tags?post=5304"}],"curies":[{"name":"wp","href":"https:\/\/api.w.org\/{rel}","templated":true}]}}