{"id":5324,"date":"2022-03-31T14:15:52","date_gmt":"2022-03-31T17:15:52","guid":{"rendered":"https:\/\/imais.online\/portal\/?p=5324"},"modified":"2022-03-31T14:15:53","modified_gmt":"2022-03-31T17:15:53","slug":"chegada-de-ar-polar-derruba-temperatura-em-sao-paulo-nos-proximos-dias","status":"publish","type":"post","link":"https:\/\/imais.online\/portal\/chegada-de-ar-polar-derruba-temperatura-em-sao-paulo-nos-proximos-dias\/","title":{"rendered":"Chegada de ar polar derruba temperatura em S\u00e3o Paulo nos pr\u00f3ximos dias"},"content":{"rendered":"<div class=\"imais-before-content-placement\" id=\"imais-4094814730\"><script async src=\"\/\/pagead2.googlesyndication.com\/pagead\/js\/adsbygoogle.js?client=ca-pub-8787528412751566\" crossorigin=\"anonymous\"><\/script><ins class=\"adsbygoogle\" style=\"display:block;\" data-ad-client=\"ca-pub-8787528412751566\" \ndata-ad-slot=\"\" \ndata-ad-format=\"auto\"><\/ins>\n<script> \n(adsbygoogle = window.adsbygoogle || []).push({}); \n<\/script>\n<\/div>\n<h2 class=\"wp-block-heading\">Ar quente e \u00famido se ligou a uma forte frente fria. Regi\u00e3o sul do pa\u00eds deve sentir o clima gelado, de acordo com o Clima Tempo<\/h2>\n\n\n\n<p>Uma forte frente fria, que atingiu todo o estado nesta quinta-feira (31), deve ficar ainda mais intensa com a chegada de um ar polar, que pode derrubar a temperatura em S\u00e3o Paulo nos pr\u00f3ximos dias, de acordo com o Clima Tempo.<\/p>\n\n\n\n<p>A regi\u00e3o sul do Brasil deve ser totalmente afetada. Com isso, Mato Grosso do Sul, Acre, Rond\u00f4nia e parte do Mato Grosso devem sentir o clima mais gelado nos pr\u00f3ximos dias devido \u00e0 essa entrada de ar frio de origem polar.<\/p>\n\n\n\n<p>O ar quente e \u00famido dos \u00faltimos dias se ligou a uma forte frente fria que veio do centro sul do pa\u00eds e, com isso, a zona de converg\u00eancia intertropical provoca grandes \u00e1reas de instabilidade sobre o Brasil.<\/p>\n\n\n\n<p>Em S\u00e3o Paulo,\u00a0<strong>\u00e9 poss\u00edvel notar as instabilidades no tempo nesta quinta-feira<\/strong>. Ap\u00f3s dias de sol, o dia amanheceu nublado com chuviscos em alguns cantos do estado. A chuva tamb\u00e9m deve chegar de forma mais intensa no fim da tarde.<\/p>\n\n\n\n<p>Al\u00e9m disso, a temperatura fica baixa por conta da chuva e da influ\u00eancia de ar frio, com m\u00ednima de 16\u00b0C e m\u00e1xima que n\u00e3o deve ultrapassar dos 23\u00b0C. Na sexta-feira (1\u00b0), as instabilidades permanecem e m\u00e1xima n\u00e3o deve passar dos 21\u00b0C.<\/p>\n\n\n\n<h3 class=\"wp-block-heading\">Confira a previs\u00e3o do tempo na cidade de SP nos pr\u00f3ximos dias<\/h3>\n\n\n\n<p>&#8211;\u00a0<strong>Sexta-feira (1\u00b0):<\/strong>\u00a0dia ser\u00e1 chuvoso, com m\u00ednima de 16\u00b0C e m\u00e1xima de 21\u00b0C;<br>&#8211;\u00a0<strong>S\u00e1bado (2):\u00a0<\/strong>sol aparece entre nuvens e h\u00e1 previs\u00e3o de chuva. M\u00ednima fica em 16\u00b0C e m\u00e1xima de 22\u00b0C;<br>&#8211;\u00a0<strong>Domingo (3):<\/strong>\u00a0sol aparece entre nuvens e pode haver chuva \u00e0 tarde. M\u00ednima fica em 16\u00b0C e m\u00e1xima de 25\u00b0C;<br>&#8211;\u00a0<strong>Segunda-feira (4):<\/strong>\u00a0sol aparece entre nuvens e h\u00e1 previs\u00e3o de chuva entre a tarde e \u00e0 noite. M\u00ednima fica em 17\u00b0C e m\u00e1xima de 29\u00b0C;<br>&#8211;\u00a0<strong>Ter\u00e7a-feira (5):<\/strong>\u00a0sol aparece entre nuvens e h\u00e1 previs\u00e3o de chuva entre a tarde e \u00e0 noite. M\u00ednima fica em 18\u00b0C e m\u00e1xima de 26\u00b0C.<\/p>\n\n\n\n<p><\/p>\n","protected":false},"excerpt":{"rendered":"<p>Ar quente e \u00famido se ligou a uma forte frente fria. Regi\u00e3o sul do pa\u00eds deve sentir o clima gelado, de acordo com o Clima Tempo Uma forte frente fria, que atingiu todo o estado nesta quinta-feira (31), deve ficar ainda mais intensa com a chegada de um ar polar, que pode derrubar a temperatura [&hellip;]<\/p>\n","protected":false},"author":8,"featured_media":5325,"comment_status":"closed","ping_status":"open","sticky":false,"template":"","format":"standard","meta":{"rop_custom_images_group":[],"rop_custom_messages_group":[],"rop_publish_now":"initial","rop_publish_now_accounts":[],"rop_publish_now_history":[],"rop_publish_now_status":"pending","footnotes":""},"categories":[195],"tags":[],"class_list":["post-5324","post","type-post","status-publish","format-standard","has-post-thumbnail","hentry","category-sao-paulo"],"amp_enabled":true,"_links":{"self":[{"href":"https:\/\/imais.online\/portal\/wp-json\/wp\/v2\/posts\/5324","targetHints":{"allow":["GET"]}}],"collection":[{"href":"https:\/\/imais.online\/portal\/wp-json\/wp\/v2\/posts"}],"about":[{"href":"https:\/\/imais.online\/portal\/wp-json\/wp\/v2\/types\/post"}],"author":[{"embeddable":true,"href":"https:\/\/imais.online\/portal\/wp-json\/wp\/v2\/users\/8"}],"replies":[{"embeddable":true,"href":"https:\/\/imais.online\/portal\/wp-json\/wp\/v2\/comments?post=5324"}],"version-history":[{"count":1,"href":"https:\/\/imais.online\/portal\/wp-json\/wp\/v2\/posts\/5324\/revisions"}],"predecessor-version":[{"id":5326,"href":"https:\/\/imais.online\/portal\/wp-json\/wp\/v2\/posts\/5324\/revisions\/5326"}],"wp:featuredmedia":[{"embeddable":true,"href":"https:\/\/imais.online\/portal\/wp-json\/wp\/v2\/media\/5325"}],"wp:attachment":[{"href":"https:\/\/imais.online\/portal\/wp-json\/wp\/v2\/media?parent=5324"}],"wp:term":[{"taxonomy":"category","embeddable":true,"href":"https:\/\/imais.online\/portal\/wp-json\/wp\/v2\/categories?post=5324"},{"taxonomy":"post_tag","embeddable":true,"href":"https:\/\/imais.online\/portal\/wp-json\/wp\/v2\/tags?post=5324"}],"curies":[{"name":"wp","href":"https:\/\/api.w.org\/{rel}","templated":true}]}}