{"id":5447,"date":"2022-04-05T07:55:52","date_gmt":"2022-04-05T10:55:52","guid":{"rendered":"https:\/\/imais.online\/portal\/?p=5447"},"modified":"2022-04-05T07:55:52","modified_gmt":"2022-04-05T10:55:52","slug":"defesa-civil-resgata-gaviao-quiriquiri-em-indaiatuba","status":"publish","type":"post","link":"https:\/\/imais.online\/portal\/defesa-civil-resgata-gaviao-quiriquiri-em-indaiatuba\/","title":{"rendered":"Defesa Civil resgata Gavi\u00e3o Quiriquiri em Indaiatuba"},"content":{"rendered":"<div class=\"imais-before-content-placement\" id=\"imais-4046687142\"><script async src=\"\/\/pagead2.googlesyndication.com\/pagead\/js\/adsbygoogle.js?client=ca-pub-8787528412751566\" crossorigin=\"anonymous\"><\/script><ins class=\"adsbygoogle\" style=\"display:block;\" data-ad-client=\"ca-pub-8787528412751566\" \ndata-ad-slot=\"\" \ndata-ad-format=\"auto\"><\/ins>\n<script> \n(adsbygoogle = window.adsbygoogle || []).push({}); \n<\/script>\n<\/div>\n<p class=\"has-text-align-center\"><strong><em>Ave estava saud\u00e1vel e foi solta em seguran\u00e7a em uma mata pr\u00f3xima ao local<\/em><\/strong><\/p>\n\n\n\n<p>Na tarde da quinta-feira, 31 de mar\u00e7o, um Gavi\u00e3o Quiriquiri entrou em um com\u00e9rcio na Alameda Dr\u00ba Jos\u00e9 Cardeal. Como o animal silvestre n\u00e3o conseguia sair, o propriet\u00e1rio acionou a Defesa Civil de Indaiatuba. Chegando ao local o coordenador Paulo Cesar Feij\u00e3o capturou o gavi\u00e3o.&nbsp; A ave estava saud\u00e1vel e foi solta em seguran\u00e7a em uma mata pr\u00f3xima ao local.<\/p>\n\n\n\n<p>A popula\u00e7\u00e3o pode colaborar nesse trabalho. Quando encontrar um animal silvestre deve comunicar \u00e0 Prefeitura por meio da Defesa Civil ou da Secretaria de Servi\u00e7os Urbanos ou do Corpo de Bombeiros. A comunica\u00e7\u00e3o pode ser feita pelos telefones 153, (19) 3936-2782 e 3894-1593. O Corpo de Bombeiros atende pelo telefone 193.<\/p>\n\n\n\n<p><strong>Defesa Civil<\/strong><br><br>A Defesa Civil de Indaiatuba atua diante de situa\u00e7\u00f5es de desastres naturais e apoia a popula\u00e7\u00e3o em a\u00e7\u00f5es emergenciais. De acordo com a situa\u00e7\u00e3o vivenciada, \u00e9 respons\u00e1vel por tra\u00e7ar um plano de a\u00e7\u00e3o e acionar todas as secretarias e ou \u00f3rg\u00e3os competentes para prevenir, solucionar ou amenizar a ocorr\u00eancia.<br><br><strong>Programa Munic\u00edpio VerdeAzul<\/strong><br><br>Vinculado \u00e0 Secretaria Estadual de Infraestrutura e Meio Ambiente, o Programa Munic\u00edpio VerdeAzul \u2013 PMVA foi lan\u00e7ado em 2007 pelo Governo do Estado de S\u00e3o Paulo com o prop\u00f3sito de medir e apoiar a efici\u00eancia da gest\u00e3o ambiental com a descentraliza\u00e7\u00e3o e valoriza\u00e7\u00e3o da agenda ambiental nos munic\u00edpios. O objetivo \u00e9 estimular e auxiliar as prefeituras paulistas na elabora\u00e7\u00e3o e execu\u00e7\u00e3o de suas pol\u00edticas p\u00fablicas estrat\u00e9gicas para o desenvolvimento sustent\u00e1vel do Estado.<br>A participa\u00e7\u00e3o do munic\u00edpio no PMVA \u00e9 um dos crit\u00e9rios de avalia\u00e7\u00e3o para a prefer\u00eancia na libera\u00e7\u00e3o de recursos do Fundo Estadual de Controle da Polui\u00e7\u00e3o \u2013 Fecop.<\/p>\n","protected":false},"excerpt":{"rendered":"<p>Ave estava saud\u00e1vel e foi solta em seguran\u00e7a em uma mata pr\u00f3xima ao local Na tarde da quinta-feira, 31 de mar\u00e7o, um Gavi\u00e3o Quiriquiri entrou em um com\u00e9rcio na Alameda Dr\u00ba Jos\u00e9 Cardeal. Como o animal silvestre n\u00e3o conseguia sair, o propriet\u00e1rio acionou a Defesa Civil de Indaiatuba. Chegando ao local o coordenador Paulo Cesar [&hellip;]<\/p>\n","protected":false},"author":7,"featured_media":5448,"comment_status":"closed","ping_status":"open","sticky":false,"template":"","format":"standard","meta":{"rop_custom_images_group":[],"rop_custom_messages_group":[],"rop_publish_now":"initial","rop_publish_now_accounts":[],"rop_publish_now_history":[],"rop_publish_now_status":"pending","footnotes":""},"categories":[188],"tags":[],"class_list":["post-5447","post","type-post","status-publish","format-standard","has-post-thumbnail","hentry","category-indaiatuba"],"amp_enabled":true,"_links":{"self":[{"href":"https:\/\/imais.online\/portal\/wp-json\/wp\/v2\/posts\/5447","targetHints":{"allow":["GET"]}}],"collection":[{"href":"https:\/\/imais.online\/portal\/wp-json\/wp\/v2\/posts"}],"about":[{"href":"https:\/\/imais.online\/portal\/wp-json\/wp\/v2\/types\/post"}],"author":[{"embeddable":true,"href":"https:\/\/imais.online\/portal\/wp-json\/wp\/v2\/users\/7"}],"replies":[{"embeddable":true,"href":"https:\/\/imais.online\/portal\/wp-json\/wp\/v2\/comments?post=5447"}],"version-history":[{"count":1,"href":"https:\/\/imais.online\/portal\/wp-json\/wp\/v2\/posts\/5447\/revisions"}],"predecessor-version":[{"id":5449,"href":"https:\/\/imais.online\/portal\/wp-json\/wp\/v2\/posts\/5447\/revisions\/5449"}],"wp:featuredmedia":[{"embeddable":true,"href":"https:\/\/imais.online\/portal\/wp-json\/wp\/v2\/media\/5448"}],"wp:attachment":[{"href":"https:\/\/imais.online\/portal\/wp-json\/wp\/v2\/media?parent=5447"}],"wp:term":[{"taxonomy":"category","embeddable":true,"href":"https:\/\/imais.online\/portal\/wp-json\/wp\/v2\/categories?post=5447"},{"taxonomy":"post_tag","embeddable":true,"href":"https:\/\/imais.online\/portal\/wp-json\/wp\/v2\/tags?post=5447"}],"curies":[{"name":"wp","href":"https:\/\/api.w.org\/{rel}","templated":true}]}}