{"id":5450,"date":"2022-04-05T13:22:05","date_gmt":"2022-04-05T16:22:05","guid":{"rendered":"https:\/\/imais.online\/portal\/?p=5450"},"modified":"2022-04-05T13:22:06","modified_gmt":"2022-04-05T16:22:06","slug":"vacina-contra-sarampo-esta-disponivel-nas-unidades-basicas-de-saude-para-profissionais-de-saude","status":"publish","type":"post","link":"https:\/\/imais.online\/portal\/vacina-contra-sarampo-esta-disponivel-nas-unidades-basicas-de-saude-para-profissionais-de-saude\/","title":{"rendered":"Vacina contra sarampo est\u00e1 dispon\u00edvel nas unidades b\u00e1sicas de sa\u00fade para profissionais de sa\u00fade"},"content":{"rendered":"<div class=\"imais-before-content-placement\" id=\"imais-998274728\"><script async src=\"\/\/pagead2.googlesyndication.com\/pagead\/js\/adsbygoogle.js?client=ca-pub-8787528412751566\" crossorigin=\"anonymous\"><\/script><ins class=\"adsbygoogle\" style=\"display:block;\" data-ad-client=\"ca-pub-8787528412751566\" \ndata-ad-slot=\"\" \ndata-ad-format=\"auto\"><\/ins>\n<script> \n(adsbygoogle = window.adsbygoogle || []).push({}); \n<\/script>\n<\/div>\n<p>A Secretaria de Sa\u00fade de Indaiatuba anunciou a 8\u00aa Campanha Nacional de Seguimento e&nbsp;Vacina\u00e7\u00e3o de Trabalhadores de Sa\u00fade contra o Sarampo. Nesta primeira etapa, somente profissionais de sa\u00fade ser\u00e3o imunizados em uma das 17 unidades b\u00e1sicas de sa\u00fade do munic\u00edpio. As salas de vacina funcionam de segunda a sexta-feira das 07h30 \u00e0s 16h30, exceto feriados. A vacina\u00e7\u00e3o ser\u00e1 realizada de forma seletiva, ou seja, ser\u00e1 feita a leitura da carteirinha de vacina\u00e7\u00e3o antes da aplica\u00e7\u00e3o.<\/p>\n\n\n\n<p>A pasta ainda recomendou ao trabalhador de sa\u00fade que n\u00e3o apresentar a comprova\u00e7\u00e3o da vacina\u00e7\u00e3o (caderneta de vacina\u00e7\u00e3o), dever\u00e1 ser vacinado com a dose um e agendada a dose dois, com retorno em quatro semanas. Para o profissional que comprovar apenas uma dose, dever\u00e1 ser vacinado com a segunda, se intervalo m\u00ednimo entre as doses for de quatro semanas.<\/p>\n\n\n\n<p>Crian\u00e7as devem ser inclu\u00eddas na pr\u00f3xima fase a partir de maio.<\/p>\n\n\n\n<p><strong>POR QUE VACINAR CONTRA O SARAMPO?<\/strong><\/p>\n\n\n\n<p>Trata-se de uma doen\u00e7a grave, altamente contagiosa. Atinge principalmente crian\u00e7as, mas tamb\u00e9m pode acometer adultos.&nbsp;O v\u00edrus se espalha por tosse e espirros, contato pessoal pr\u00f3ximo ou contato direto com secre\u00e7\u00e3o de nariz ou garganta infectadas.<\/p>\n\n\n\n<p>Entre os primeiros sintomas, est\u00e3o febre alta, secre\u00e7\u00e3o nasal, tosse, olhos vermelhos e aquosos. Pequenas manchas brancas na parte interna das bochechas podem aparecer no in\u00edcio do quadro. O exantema (erup\u00e7\u00e3o cut\u00e2nea) surge depois de alguns dias, em geral no rosto e na parte superior do pesco\u00e7o. As erup\u00e7\u00f5es de pele podem se espalhar para m\u00e3os e p\u00e9s. H\u00e1 risco de o sarampo causar diarreia intensa, infec\u00e7\u00e3o de ouvido, perda da vis\u00e3o, pneumonia e encefalite (inflama\u00e7\u00e3o do c\u00e9rebro), levando \u00e0 morte. &nbsp;<\/p>\n\n\n\n<p>As doses da tr\u00edplice viral \u2014 que protegem contra o sarampo, a rub\u00e9ola e a caxumba \u2014 ser\u00e3o aplicadas gratuitamente em crian\u00e7as de seis meses at\u00e9 cinco anos incompletos (quatro anos, 11 meses e 29 dias) e trabalhadores da sa\u00fade. Os dois p\u00fablicos ser\u00e3o chamados em etapas diferentes do calend\u00e1rio.&nbsp;<\/p>\n","protected":false},"excerpt":{"rendered":"<p>A Secretaria de Sa\u00fade de Indaiatuba anunciou a 8\u00aa Campanha Nacional de Seguimento e&nbsp;Vacina\u00e7\u00e3o de Trabalhadores de Sa\u00fade contra o Sarampo. Nesta primeira etapa, somente profissionais de sa\u00fade ser\u00e3o imunizados em uma das 17 unidades b\u00e1sicas de sa\u00fade do munic\u00edpio. As salas de vacina funcionam de segunda a sexta-feira das 07h30 \u00e0s 16h30, exceto feriados. [&hellip;]<\/p>\n","protected":false},"author":8,"featured_media":5451,"comment_status":"closed","ping_status":"open","sticky":false,"template":"","format":"standard","meta":{"rop_custom_images_group":[],"rop_custom_messages_group":[],"rop_publish_now":"initial","rop_publish_now_accounts":[],"rop_publish_now_history":[],"rop_publish_now_status":"pending","footnotes":""},"categories":[188],"tags":[],"class_list":["post-5450","post","type-post","status-publish","format-standard","has-post-thumbnail","hentry","category-indaiatuba"],"amp_enabled":true,"_links":{"self":[{"href":"https:\/\/imais.online\/portal\/wp-json\/wp\/v2\/posts\/5450","targetHints":{"allow":["GET"]}}],"collection":[{"href":"https:\/\/imais.online\/portal\/wp-json\/wp\/v2\/posts"}],"about":[{"href":"https:\/\/imais.online\/portal\/wp-json\/wp\/v2\/types\/post"}],"author":[{"embeddable":true,"href":"https:\/\/imais.online\/portal\/wp-json\/wp\/v2\/users\/8"}],"replies":[{"embeddable":true,"href":"https:\/\/imais.online\/portal\/wp-json\/wp\/v2\/comments?post=5450"}],"version-history":[{"count":1,"href":"https:\/\/imais.online\/portal\/wp-json\/wp\/v2\/posts\/5450\/revisions"}],"predecessor-version":[{"id":5452,"href":"https:\/\/imais.online\/portal\/wp-json\/wp\/v2\/posts\/5450\/revisions\/5452"}],"wp:featuredmedia":[{"embeddable":true,"href":"https:\/\/imais.online\/portal\/wp-json\/wp\/v2\/media\/5451"}],"wp:attachment":[{"href":"https:\/\/imais.online\/portal\/wp-json\/wp\/v2\/media?parent=5450"}],"wp:term":[{"taxonomy":"category","embeddable":true,"href":"https:\/\/imais.online\/portal\/wp-json\/wp\/v2\/categories?post=5450"},{"taxonomy":"post_tag","embeddable":true,"href":"https:\/\/imais.online\/portal\/wp-json\/wp\/v2\/tags?post=5450"}],"curies":[{"name":"wp","href":"https:\/\/api.w.org\/{rel}","templated":true}]}}