{"id":5461,"date":"2022-04-05T13:43:16","date_gmt":"2022-04-05T16:43:16","guid":{"rendered":"https:\/\/imais.online\/portal\/?p=5461"},"modified":"2022-04-05T13:43:17","modified_gmt":"2022-04-05T16:43:17","slug":"receita-prorroga-prazo-para-entrega-do-ir-ate-31-de-maio","status":"publish","type":"post","link":"https:\/\/imais.online\/portal\/receita-prorroga-prazo-para-entrega-do-ir-ate-31-de-maio\/","title":{"rendered":"Receita prorroga prazo para entrega do IR at\u00e9 31 de maio"},"content":{"rendered":"<div class=\"imais-before-content-placement\" id=\"imais-547386959\"><script async src=\"\/\/pagead2.googlesyndication.com\/pagead\/js\/adsbygoogle.js?client=ca-pub-8787528412751566\" crossorigin=\"anonymous\"><\/script><ins class=\"adsbygoogle\" style=\"display:block;\" data-ad-client=\"ca-pub-8787528412751566\" \ndata-ad-slot=\"\" \ndata-ad-format=\"auto\"><\/ins>\n<script> \n(adsbygoogle = window.adsbygoogle || []).push({}); \n<\/script>\n<\/div>\n<h2 class=\"wp-block-heading\">Assim como em 2020 e 2021, Receita estendeu a data-limite, originalmente em 29 de abril, para a entrega do documento\u00a0<\/h2>\n\n\n\n<p>Os contribuintes ganharam mais tempo para acertar as contas com o Le\u00e3o. A Receita Federal prorrogou para\u00a031 de maio o prazo de entrega da\u00a0declara\u00e7\u00e3o do IR (Imposto de Renda). A resolu\u00e7\u00e3o com as novas datas foi publicada nesta ter\u00e7a-feira no DOU (Di\u00e1rio Oficial da Uni\u00e3o).\u00a0<\/p>\n\n\n\n<p>A entrega da declara\u00e7\u00e3o do IR come\u00e7ou em 7 de mar\u00e7o. Quem n\u00e3o cumprir o prazo dever\u00e1 pagar multa de 1% ao m\u00eas sobre o valor do Imposto de Renda devido. Mais de 34 milh\u00f5es de contribuintes que receberam, ao longo do ano passado, rendimentos tribut\u00e1veis acima de R$ 28.559,70 precisam entregar a declara\u00e7\u00e3o.<\/p>\n\n\n\n<p>Ela pode ser enviada via computador, no endere\u00e7o\u00a0gov.br\/receitafederal, ou por tablets e smartphones, acessando o aplicativo \u201cMeu Imposto de Renda\u201d.<\/p>\n\n\n\n<h3 class=\"wp-block-heading\">Restitui\u00e7\u00e3o<\/h3>\n\n\n\n<p>As restitui\u00e7\u00f5es do Imposto de Renda deste ano ser\u00e3o em cinco lotes. Os pagamentos come\u00e7am em 31 de maio, o primeiro lote, seguindo a ordem de prioridade estabelecida em lei, e v\u00e3o at\u00e9 30 de setembro, quando ser\u00e1 pago o quinto lote. Os contribuintes que enviarem a declara\u00e7\u00e3o primeiro receber\u00e3o a restitui\u00e7\u00e3o tamb\u00e9m nos primeiros lotes.<\/p>\n\n\n\n<p>Neste ano, o contribuinte pode informar sua chave Pix para recebimento da restitui\u00e7\u00e3o. No entanto, essa chave precisa ser, necessariamente, o CPF da pessoa. N\u00famero de celular, email e chaves aleat\u00f3rias n\u00e3o ser\u00e3o aceitos.<\/p>\n\n\n\n<p>A op\u00e7\u00e3o de cr\u00e9dito em conta-corrente e poupan\u00e7a segue valendo. Quem tem imposto a pagar poder\u00e1 parcelar o acerto em at\u00e9 oito vezes, e o pagamento tamb\u00e9m poder\u00e1 ser feito via Pix.<\/p>\n\n\n\n<figure class=\"wp-block-image\"><img decoding=\"async\" src=\"https:\/\/img.r7.com\/images\/arte-do-ir-2022-imposto-de-renda-2022-03032022115204988\" alt=\"\" title=\"\"\/><figcaption> ARTE\/R7 <\/figcaption><\/figure>\n\n\n\n<p>Fonte R7<\/p>\n","protected":false},"excerpt":{"rendered":"<p>Assim como em 2020 e 2021, Receita estendeu a data-limite, originalmente em 29 de abril, para a entrega do documento\u00a0 Os contribuintes ganharam mais tempo para acertar as contas com o Le\u00e3o. A Receita Federal prorrogou para\u00a031 de maio o prazo de entrega da\u00a0declara\u00e7\u00e3o do IR (Imposto de Renda). A resolu\u00e7\u00e3o com as novas datas [&hellip;]<\/p>\n","protected":false},"author":8,"featured_media":5462,"comment_status":"closed","ping_status":"open","sticky":false,"template":"","format":"standard","meta":{"rop_custom_images_group":[],"rop_custom_messages_group":[],"rop_publish_now":"initial","rop_publish_now_accounts":[],"rop_publish_now_history":[],"rop_publish_now_status":"pending","footnotes":""},"categories":[192],"tags":[],"class_list":["post-5461","post","type-post","status-publish","format-standard","has-post-thumbnail","hentry","category-economia"],"amp_enabled":true,"_links":{"self":[{"href":"https:\/\/imais.online\/portal\/wp-json\/wp\/v2\/posts\/5461","targetHints":{"allow":["GET"]}}],"collection":[{"href":"https:\/\/imais.online\/portal\/wp-json\/wp\/v2\/posts"}],"about":[{"href":"https:\/\/imais.online\/portal\/wp-json\/wp\/v2\/types\/post"}],"author":[{"embeddable":true,"href":"https:\/\/imais.online\/portal\/wp-json\/wp\/v2\/users\/8"}],"replies":[{"embeddable":true,"href":"https:\/\/imais.online\/portal\/wp-json\/wp\/v2\/comments?post=5461"}],"version-history":[{"count":1,"href":"https:\/\/imais.online\/portal\/wp-json\/wp\/v2\/posts\/5461\/revisions"}],"predecessor-version":[{"id":5463,"href":"https:\/\/imais.online\/portal\/wp-json\/wp\/v2\/posts\/5461\/revisions\/5463"}],"wp:featuredmedia":[{"embeddable":true,"href":"https:\/\/imais.online\/portal\/wp-json\/wp\/v2\/media\/5462"}],"wp:attachment":[{"href":"https:\/\/imais.online\/portal\/wp-json\/wp\/v2\/media?parent=5461"}],"wp:term":[{"taxonomy":"category","embeddable":true,"href":"https:\/\/imais.online\/portal\/wp-json\/wp\/v2\/categories?post=5461"},{"taxonomy":"post_tag","embeddable":true,"href":"https:\/\/imais.online\/portal\/wp-json\/wp\/v2\/tags?post=5461"}],"curies":[{"name":"wp","href":"https:\/\/api.w.org\/{rel}","templated":true}]}}