{"id":5473,"date":"2022-04-06T14:32:40","date_gmt":"2022-04-06T17:32:40","guid":{"rendered":"https:\/\/imais.online\/portal\/?p=5473"},"modified":"2022-04-06T14:32:41","modified_gmt":"2022-04-06T17:32:41","slug":"secretaria-de-saude-inicia-treinamento-para-demandas-de-urgencia-e-emergencia-nas-ubs-de-indaiatuba","status":"publish","type":"post","link":"https:\/\/imais.online\/portal\/secretaria-de-saude-inicia-treinamento-para-demandas-de-urgencia-e-emergencia-nas-ubs-de-indaiatuba\/","title":{"rendered":"Secretaria de Sa\u00fade inicia treinamento para demandas de urg\u00eancia e emerg\u00eancia nas UBS de Indaiatuba"},"content":{"rendered":"<div class=\"imais-before-content-placement\" id=\"imais-370082152\"><script async src=\"\/\/pagead2.googlesyndication.com\/pagead\/js\/adsbygoogle.js?client=ca-pub-8787528412751566\" crossorigin=\"anonymous\"><\/script><ins class=\"adsbygoogle\" style=\"display:block;\" data-ad-client=\"ca-pub-8787528412751566\" \ndata-ad-slot=\"\" \ndata-ad-format=\"auto\"><\/ins>\n<script> \n(adsbygoogle = window.adsbygoogle || []).push({}); \n<\/script>\n<\/div>\n<p>A Secretaria de Sa\u00fade iniciou na \u00faltima segunda-feira (4) uma s\u00e9rie de treinamentos com os profissionais que trabalham nas Unidades B\u00e1sicas de Sa\u00fade (UBS). Situa\u00e7\u00f5es de urg\u00eancia e emerg\u00eancia ser\u00e3o treinadas por todas as equipes nos pr\u00f3ximos dias. A coordena\u00e7\u00e3o do curso fica a cargo da dra. Maria Cristina, coordenadora do Servi\u00e7o de Urg\u00eancia e Emerg\u00eancia do munic\u00edpio, que ministrar\u00e1 os encontros junto de sua equipe.<\/p>\n\n\n\n<p>O primeiro treinamento aconteceu no in\u00edcio da tarde da \u00faltima segunda na UBS do Parque Indai\u00e1, onde os funcion\u00e1rios puderam praticar situa\u00e7\u00f5es de reanima\u00e7\u00e3o em paradas cardiorrespirat\u00f3rias e outras demandas de urg\u00eancia e emerg\u00eancia.<\/p>\n\n\n\n<p>As pr\u00f3ximas UBS que receber\u00e3o o treinamento ainda est\u00e3o sendo definidas pela Secretaria de Sa\u00fade.<\/p>\n\n\n\n<p><\/p>\n","protected":false},"excerpt":{"rendered":"<p>A Secretaria de Sa\u00fade iniciou na \u00faltima segunda-feira (4) uma s\u00e9rie de treinamentos com os profissionais que trabalham nas Unidades B\u00e1sicas de Sa\u00fade (UBS). Situa\u00e7\u00f5es de urg\u00eancia e emerg\u00eancia ser\u00e3o treinadas por todas as equipes nos pr\u00f3ximos dias. A coordena\u00e7\u00e3o do curso fica a cargo da dra. Maria Cristina, coordenadora do Servi\u00e7o de Urg\u00eancia e [&hellip;]<\/p>\n","protected":false},"author":8,"featured_media":5474,"comment_status":"closed","ping_status":"open","sticky":false,"template":"","format":"standard","meta":{"rop_custom_images_group":[],"rop_custom_messages_group":[],"rop_publish_now":"initial","rop_publish_now_accounts":[],"rop_publish_now_history":[],"rop_publish_now_status":"pending","footnotes":""},"categories":[188],"tags":[],"class_list":["post-5473","post","type-post","status-publish","format-standard","has-post-thumbnail","hentry","category-indaiatuba"],"amp_enabled":true,"_links":{"self":[{"href":"https:\/\/imais.online\/portal\/wp-json\/wp\/v2\/posts\/5473","targetHints":{"allow":["GET"]}}],"collection":[{"href":"https:\/\/imais.online\/portal\/wp-json\/wp\/v2\/posts"}],"about":[{"href":"https:\/\/imais.online\/portal\/wp-json\/wp\/v2\/types\/post"}],"author":[{"embeddable":true,"href":"https:\/\/imais.online\/portal\/wp-json\/wp\/v2\/users\/8"}],"replies":[{"embeddable":true,"href":"https:\/\/imais.online\/portal\/wp-json\/wp\/v2\/comments?post=5473"}],"version-history":[{"count":1,"href":"https:\/\/imais.online\/portal\/wp-json\/wp\/v2\/posts\/5473\/revisions"}],"predecessor-version":[{"id":5475,"href":"https:\/\/imais.online\/portal\/wp-json\/wp\/v2\/posts\/5473\/revisions\/5475"}],"wp:featuredmedia":[{"embeddable":true,"href":"https:\/\/imais.online\/portal\/wp-json\/wp\/v2\/media\/5474"}],"wp:attachment":[{"href":"https:\/\/imais.online\/portal\/wp-json\/wp\/v2\/media?parent=5473"}],"wp:term":[{"taxonomy":"category","embeddable":true,"href":"https:\/\/imais.online\/portal\/wp-json\/wp\/v2\/categories?post=5473"},{"taxonomy":"post_tag","embeddable":true,"href":"https:\/\/imais.online\/portal\/wp-json\/wp\/v2\/tags?post=5473"}],"curies":[{"name":"wp","href":"https:\/\/api.w.org\/{rel}","templated":true}]}}