{"id":5488,"date":"2022-04-06T15:04:52","date_gmt":"2022-04-06T18:04:52","guid":{"rendered":"https:\/\/imais.online\/portal\/?p=5488"},"modified":"2022-04-06T15:04:54","modified_gmt":"2022-04-06T18:04:54","slug":"3-motivos-para-reorganizar-os-moveis-em-casa","status":"publish","type":"post","link":"https:\/\/imais.online\/portal\/3-motivos-para-reorganizar-os-moveis-em-casa\/","title":{"rendered":"3 motivos para reorganizar os m\u00f3veis em casa"},"content":{"rendered":"<div class=\"imais-before-content-placement\" id=\"imais-3025830806\"><script async src=\"\/\/pagead2.googlesyndication.com\/pagead\/js\/adsbygoogle.js?client=ca-pub-8787528412751566\" crossorigin=\"anonymous\"><\/script><ins class=\"adsbygoogle\" style=\"display:block;\" data-ad-client=\"ca-pub-8787528412751566\" \ndata-ad-slot=\"\" \ndata-ad-format=\"auto\"><\/ins>\n<script> \n(adsbygoogle = window.adsbygoogle || []).push({}); \n<\/script>\n<\/div>\n<h2 class=\"has-text-align-center wp-block-heading\">Um jeito simples de repaginar a decora\u00e7\u00e3o \u00e9 trocar o mobili\u00e1rio de lugar. Para que voc\u00ea fa\u00e7a essa mudan\u00e7a sem estresse, especialistas d\u00e3o dicas valiosas<\/h2>\n\n\n\n<p>J\u00e1 se cansou da\u00a0decora\u00e7\u00e3o\u00a0da sua casa? \u00c9 normal que depois de certo tempo a disposi\u00e7\u00e3o dos m\u00f3veis e objetos precise de altera\u00e7\u00f5es para que os moradores fiquem satisfeitos. Fato \u00e9 que a composi\u00e7\u00e3o de um ambiente pode se tornar mais inspiradora depois de algumas atualiza\u00e7\u00f5es, que podem ser bem simples.<\/p>\n\n\n\n<figure class=\"wp-block-image\"><a href=\"https:\/\/www.seedtag.com\/?utm_source=seedtag_publisher&amp;utm_medium=seedtag_tag&amp;utm_campaign=tag\" target=\"_blank\" rel=\"noreferrer noopener\"><img decoding=\"async\" src=\"https:\/\/s2.glbimg.com\/S5gtUnYkRMM_dVEAqrLmgpFN-D8=\/smart\/e.glbimg.com\/og\/ed\/f\/original\/2022\/04\/04\/sala3.jpg\" alt=\"3 motivos para reorganizar os m\u00f3veis em casa (Foto: Camila Santos)\" title=\"As arquitetas Lara e Luiza Guimar\u00e3es, do Studio Guimo, repaginaram este apartamento, no Esp\u00edrito Santo (Foto: Camila Santos)\"\/><\/a><figcaption>As arquitetas Lara e Luiza Guimar\u00e3es, do Studio Guimo, repaginaram este apartamento, no Esp\u00edrito Santo (Foto: Camila Santos)<\/figcaption><\/figure>\n\n\n\n<p>Quem reitera essa vis\u00e3o \u00e9 a designer de interiores\u00a0Cris Casaes. Ela afirma ainda que essas transforma\u00e7\u00f5es podem ocorrer de acordo com os ciclos que ocorrem no cotidiano. \u201cMuitas vezes, sentimos a necessidade de mudar a decora\u00e7\u00e3o de nossos lares para acompanhar as transforma\u00e7\u00f5es de nossas vidas, como a situa\u00e7\u00e3o de uma fam\u00edlia que est\u00e1 crescendo ou diminuindo, adapta\u00e7\u00f5es para receber uma pessoa com necessidades especiais ou at\u00e9 mesmo a chegada de um\u00a0animal de estima\u00e7\u00e3o\u201d, diz.<\/p>\n\n\n\n<p>J\u00e1 a designer de interiores Patricia Covolo, do escrit\u00f3rio\u00a0Macedo e Covolo Arquitetura,\u00a0acredita que a vontade de repaginar a posi\u00e7\u00e3o dos\u00a0m\u00f3veis\u00a0pode bater naquele momento em que algo est\u00e1 incomodando na\u00a0 resid\u00eancia. \u201c\u00c0s vezes, a troca de lugar de um m\u00f3vel ou objeto, j\u00e1 faz a diferen\u00e7a\u201d, afirma. Ela complementa que at\u00e9 mesmo o ato de trocar um\u00a0quadro\u00a0de parede j\u00e1 pode resultar em sensa\u00e7\u00f5es positivas.<\/p>\n\n\n\n<h2 class=\"wp-block-heading\">3 motivos para mudar os m\u00f3veis de lugar&nbsp;<\/h2>\n\n\n\n<figure class=\"wp-block-image\"><img decoding=\"async\" src=\"https:\/\/s2.glbimg.com\/HVWpiQaD74Kf5KAsj_0l2QxfpVc=\/smart\/e.glbimg.com\/og\/ed\/f\/original\/2022\/04\/04\/sala.jpg\" alt=\"3 motivos para reorganizar os m\u00f3veis em casa (Foto: Fabio Jr Severo)\" title=\"Projeto assinado pelo designer de interiores Natan Hostins (Foto: Fabio Jr Severo)\"\/><figcaption>Projeto assinado pelo designer de interiores Natan Hostins (Foto: Fabio Jr Severo)<\/figcaption><\/figure>\n\n\n\n<p>A seguir, as profissionais listaram algumas raz\u00f5es pelas quais alterar a disposi\u00e7\u00e3o\u00a0mobili\u00e1rio\u00a0 pode melhorar a sua rela\u00e7\u00e3o com o lar. Confira!<\/p>\n\n\n\n<p><strong>1. Estimular o bem-estar<\/strong><br><br>Com uma reorganiza\u00e7\u00e3o, \u00e9 poss\u00edvel personalizar os ambientes, valoriz\u00e1-los e melhorar o dia a dia dos moradores. \u201cCom essa harmonia aliada a um bom\u00a0<em>layout<\/em>, ilumina\u00e7\u00e3o adequada e objetos bem escolhidos, h\u00e1 mais tranquilidade ao lado das pessoas que amamos no nosso lar\u201d, afirma a designer de interiores Cris Casaes, cadastrada na plataforma GetNinjas.<br><br><strong>2. Mudan\u00e7a na composi\u00e7\u00e3o familiar<\/strong><br><br>Como alguns aspectos s\u00e3o imprevis\u00edveis, as altera\u00e7\u00f5es podem ter origem em acontecimentos que n\u00e3o faziam parte dos planos dos indiv\u00edduos. \u201cJ\u00e1 fizemos muitas altera\u00e7\u00f5es em caso de morte e separa\u00e7\u00e3o e melhora muito a qualidade de vida de quem ficou na casa. Por exemplo: \u201cn\u00e3o faz mais sentido ter a\u00a0estante\u00a0de CD que o ex-marido colecionava ou a\u00a0sala\u00a0que ele fumava charuto com os amigos\u201d, detalha Patricia Covolo.<br><br><strong>3. Desgaste de materiais<\/strong><\/p>\n\n\n\n<p>Em algumas situa\u00e7\u00f5es, os sinais de uso das pe\u00e7as fazem com que voc\u00ea precise substitu\u00ed-las por alguma outra que j\u00e1 esteja no seu acervo, como explica Patricia: \u201cEm alguns casos o tecido do\u00a0sof\u00e1\u00a0pode estar j\u00e1 desgastado\u201d, diz. Diante disso, vale utilizar alguns\u00a0pufes\u00a0ou\u00a0cadeiras\u00a0que j\u00e1 estejam na sala no lugar do sof\u00e1, enquanto voc\u00ea n\u00e3o consiga adquirir um novo.<\/p>\n\n\n\n<h2 class=\"wp-block-heading\">Dicas para repaginar a decora\u00e7\u00e3o<\/h2>\n\n\n\n<figure class=\"wp-block-image\"><a href=\"https:\/\/www.seedtag.com\/?utm_source=seedtag_publisher&amp;utm_medium=seedtag_tag&amp;utm_campaign=tag\" target=\"_blank\" rel=\"noreferrer noopener\"><img decoding=\"async\" src=\"https:\/\/s2.glbimg.com\/oWHBRi8IUriU98_8Q9xuAJVlOt0=\/smart\/e.glbimg.com\/og\/ed\/f\/original\/2022\/04\/04\/sala2.jpg\" alt=\"3 motivos para reorganizar os m\u00f3veis em casa (Foto: Fernando Crescenti)\" title=\"Projeto assinado pelas arquitetas Camila Reis e Samantha Vidoto (Foto: Fernando Crescenti)\"\/><\/a><figcaption>Projeto assinado pelas arquitetas Camila Reis e Samantha Vidoto (Foto: Fernando Crescenti)<\/figcaption><\/figure>\n\n\n\n<p>Se voc\u00ea n\u00e3o sabe por onde come\u00e7ar a renova\u00e7\u00e3o, Cris Casaes orienta que alguns t\u00f3picos infal\u00edveis podem guiar esse processo e evitar que voc\u00ea invista tempo em situa\u00e7\u00f5es desnecess\u00e1rias. \u201cTudo come\u00e7a por um bom\u00a0planejamento, destacando pontos importantes como: o\u00a0im\u00f3vel\u00a0\u00e9 pr\u00f3prio ou\u00a0alugado? Quanto quer investir nesta decora\u00e7\u00e3o? O que te incomoda na sua casa? Voc\u00ea consegue fazer sozinho ou precisa de um profissional para te auxiliar?\u201d, lista a profissional.<\/p>\n\n\n\n<p>A partir disso, voc\u00ea pode recorrer a algumas alternativas (sem quebra-quebra), aproveitando parte dos m\u00f3veis ou objetos decorativos. Para isto, h\u00e1 muitas solu\u00e7\u00f5es para transformar os ambientes como:<\/p>\n\n\n\n<p><strong>1.<\/strong>\u00a0Renovar a\u00a0pintura\u00a0ou instalar\u00a0papel de parede.<br><strong>2.<\/strong>\u00a0Pintar ou plotar um m\u00f3vel.<br><strong>3.<\/strong>\u00a0Trocar elementos decorativos, como\u00a0lustre,\u00a0almofadas\u00a0e\u00a0tapetes.<br><strong>4.<\/strong>\u00a0Pintar ou adesivar\u00a0azulejos.<br><strong>5.<\/strong>\u00a0Plotar\u00a0eletrodom\u00e9sticos\u00a0e\u00a0bancadas.<br><strong>6.\u00a0<\/strong>Substituir o\u00a0piso\u00a0frio por um\u00a0vin\u00edlico.<\/p>\n\n\n\n<p>Fonte Casa Vogue <\/p>\n\n\n\n<p><\/p>\n","protected":false},"excerpt":{"rendered":"<p>Um jeito simples de repaginar a decora\u00e7\u00e3o \u00e9 trocar o mobili\u00e1rio de lugar. Para que voc\u00ea fa\u00e7a essa mudan\u00e7a sem estresse, especialistas d\u00e3o dicas valiosas J\u00e1 se cansou da\u00a0decora\u00e7\u00e3o\u00a0da sua casa? \u00c9 normal que depois de certo tempo a disposi\u00e7\u00e3o dos m\u00f3veis e objetos precise de altera\u00e7\u00f5es para que os moradores fiquem satisfeitos. Fato \u00e9 [&hellip;]<\/p>\n","protected":false},"author":8,"featured_media":5489,"comment_status":"closed","ping_status":"open","sticky":false,"template":"","format":"standard","meta":{"rop_custom_images_group":[],"rop_custom_messages_group":[],"rop_publish_now":"initial","rop_publish_now_accounts":[],"rop_publish_now_history":[],"rop_publish_now_status":"pending","footnotes":""},"categories":[209],"tags":[],"class_list":["post-5488","post","type-post","status-publish","format-standard","has-post-thumbnail","hentry","category-estilo"],"amp_enabled":true,"_links":{"self":[{"href":"https:\/\/imais.online\/portal\/wp-json\/wp\/v2\/posts\/5488","targetHints":{"allow":["GET"]}}],"collection":[{"href":"https:\/\/imais.online\/portal\/wp-json\/wp\/v2\/posts"}],"about":[{"href":"https:\/\/imais.online\/portal\/wp-json\/wp\/v2\/types\/post"}],"author":[{"embeddable":true,"href":"https:\/\/imais.online\/portal\/wp-json\/wp\/v2\/users\/8"}],"replies":[{"embeddable":true,"href":"https:\/\/imais.online\/portal\/wp-json\/wp\/v2\/comments?post=5488"}],"version-history":[{"count":1,"href":"https:\/\/imais.online\/portal\/wp-json\/wp\/v2\/posts\/5488\/revisions"}],"predecessor-version":[{"id":5490,"href":"https:\/\/imais.online\/portal\/wp-json\/wp\/v2\/posts\/5488\/revisions\/5490"}],"wp:featuredmedia":[{"embeddable":true,"href":"https:\/\/imais.online\/portal\/wp-json\/wp\/v2\/media\/5489"}],"wp:attachment":[{"href":"https:\/\/imais.online\/portal\/wp-json\/wp\/v2\/media?parent=5488"}],"wp:term":[{"taxonomy":"category","embeddable":true,"href":"https:\/\/imais.online\/portal\/wp-json\/wp\/v2\/categories?post=5488"},{"taxonomy":"post_tag","embeddable":true,"href":"https:\/\/imais.online\/portal\/wp-json\/wp\/v2\/tags?post=5488"}],"curies":[{"name":"wp","href":"https:\/\/api.w.org\/{rel}","templated":true}]}}