{"id":5515,"date":"2022-04-07T14:04:09","date_gmt":"2022-04-07T17:04:09","guid":{"rendered":"https:\/\/imais.online\/portal\/?p=5515"},"modified":"2022-04-07T14:04:10","modified_gmt":"2022-04-07T17:04:10","slug":"centro-de-cuidado-da-pessoa-com-transtorno-do-espectro-autista-sera-inaugurado-no-sabado","status":"publish","type":"post","link":"https:\/\/imais.online\/portal\/centro-de-cuidado-da-pessoa-com-transtorno-do-espectro-autista-sera-inaugurado-no-sabado\/","title":{"rendered":"Centro de Cuidado da Pessoa com Transtorno do Espectro Autista ser\u00e1 inaugurado no s\u00e1bado"},"content":{"rendered":"<div class=\"imais-before-content-placement\" id=\"imais-729490738\"><script async src=\"\/\/pagead2.googlesyndication.com\/pagead\/js\/adsbygoogle.js?client=ca-pub-8787528412751566\" crossorigin=\"anonymous\"><\/script><ins class=\"adsbygoogle\" style=\"display:block;\" data-ad-client=\"ca-pub-8787528412751566\" \ndata-ad-slot=\"\" \ndata-ad-format=\"auto\"><\/ins>\n<script> \n(adsbygoogle = window.adsbygoogle || []).push({}); \n<\/script>\n<\/div>\n<p>Entregue em 2020, o Centro de Cuidado da Pessoa com Transtorno do Espectro Autista \u201cRoseli Maria Ferreira\u201d ter\u00e1 finalmente sua inaugura\u00e7\u00e3o oficial, ap\u00f3s dois anos de pandemia: Neste s\u00e1bado, 9 de abril. O servi\u00e7o j\u00e1 vem sendo executado h\u00e1 um ano e a administra\u00e7\u00e3o do pr\u00e9dio est\u00e1 sob a responsabilidade do Cirva (Centro de Integra\u00e7\u00e3o, Reabilita\u00e7\u00e3o e Viv\u00eancia dos Autistas), classificada atrav\u00e9s de chamamento p\u00fablico e habilitada para firmar parceria com a Prefeitura de Indaiatuba atrav\u00e9s da Secretaria de Assist\u00eancia Social.<br><br>Atualmente 140 pessoas com autismo est\u00e3o em acompanhamento na unidade e as que desejam ingressar e participar das atividades, devem procurar presencialmente o Centro de Cuidado da Pessoa com Transtorno do Espectro Autista, localizado na Rua Persio Sampaio Filho, n\u00ba 152, Jardim Renata.<br><br>O Cirva realiza ainda o servi\u00e7o de Prote\u00e7\u00e3o Social para Pessoas com Defici\u00eancia e suas Fam\u00edlias &#8211; Prote\u00e7\u00e3o Social Especial de M\u00e9dia Complexidade, que oferece atendimento com a finalidade de promover a autonomia, a inclus\u00e3o social e a melhoria da qualidade de vida dos participantes.<br><br><strong>OBRA<\/strong><br><br>O pr\u00e9dio foi constru\u00eddo na rua P\u00e9rsio Sampaio Filho, n\u00ba 152, no Jardim Renata e recebeu investimento no valor de R$ 1.195.163,61. Conforme projeto da Secretaria de Planejamento Urbano e Engenharia, a edifica\u00e7\u00e3o tem 490,58m\u00b2 de constru\u00e7\u00e3o, em um terreno de 957,37m\u00b2.<\/p>\n\n\n\n<p>O Centro de Cuidado da Pessoa com Transtorno do Espectro Autista tem seis salas multiuso, uma oficina terap\u00eautica, sala sensorial, sala de fisioterapia e sala de hidroterapia com piscina de 2,20m de largura com 3,40m de comprimento e 1,20m de profundidade, e vesti\u00e1rio. O pr\u00e9dio tamb\u00e9m ter\u00e1 cozinha, refeit\u00f3rio e varanda.<br><br><strong>SERVI\u00c7O<\/strong><br><br>Inaugura\u00e7\u00e3o do Centro de Cuidado da Pessoa com Transtorno do Espectro Autista<br><br>Data: 09 de abril de 2022<br><br>Hor\u00e1rio: 09h \u00e0s 11h<br><br>Local: Rua P\u00e9rsio Sampaio Filho, n\u00ba 152, Jardim Renata.<\/p>\n","protected":false},"excerpt":{"rendered":"<p>Entregue em 2020, o Centro de Cuidado da Pessoa com Transtorno do Espectro Autista \u201cRoseli Maria Ferreira\u201d ter\u00e1 finalmente sua inaugura\u00e7\u00e3o oficial, ap\u00f3s dois anos de pandemia: Neste s\u00e1bado, 9 de abril. O servi\u00e7o j\u00e1 vem sendo executado h\u00e1 um ano e a administra\u00e7\u00e3o do pr\u00e9dio est\u00e1 sob a responsabilidade do Cirva (Centro de Integra\u00e7\u00e3o, [&hellip;]<\/p>\n","protected":false},"author":8,"featured_media":5516,"comment_status":"closed","ping_status":"open","sticky":false,"template":"","format":"standard","meta":{"rop_custom_images_group":[],"rop_custom_messages_group":[],"rop_publish_now":"initial","rop_publish_now_accounts":[],"rop_publish_now_history":[],"rop_publish_now_status":"pending","footnotes":""},"categories":[188],"tags":[],"class_list":["post-5515","post","type-post","status-publish","format-standard","has-post-thumbnail","hentry","category-indaiatuba"],"amp_enabled":true,"_links":{"self":[{"href":"https:\/\/imais.online\/portal\/wp-json\/wp\/v2\/posts\/5515","targetHints":{"allow":["GET"]}}],"collection":[{"href":"https:\/\/imais.online\/portal\/wp-json\/wp\/v2\/posts"}],"about":[{"href":"https:\/\/imais.online\/portal\/wp-json\/wp\/v2\/types\/post"}],"author":[{"embeddable":true,"href":"https:\/\/imais.online\/portal\/wp-json\/wp\/v2\/users\/8"}],"replies":[{"embeddable":true,"href":"https:\/\/imais.online\/portal\/wp-json\/wp\/v2\/comments?post=5515"}],"version-history":[{"count":1,"href":"https:\/\/imais.online\/portal\/wp-json\/wp\/v2\/posts\/5515\/revisions"}],"predecessor-version":[{"id":5517,"href":"https:\/\/imais.online\/portal\/wp-json\/wp\/v2\/posts\/5515\/revisions\/5517"}],"wp:featuredmedia":[{"embeddable":true,"href":"https:\/\/imais.online\/portal\/wp-json\/wp\/v2\/media\/5516"}],"wp:attachment":[{"href":"https:\/\/imais.online\/portal\/wp-json\/wp\/v2\/media?parent=5515"}],"wp:term":[{"taxonomy":"category","embeddable":true,"href":"https:\/\/imais.online\/portal\/wp-json\/wp\/v2\/categories?post=5515"},{"taxonomy":"post_tag","embeddable":true,"href":"https:\/\/imais.online\/portal\/wp-json\/wp\/v2\/tags?post=5515"}],"curies":[{"name":"wp","href":"https:\/\/api.w.org\/{rel}","templated":true}]}}