{"id":5518,"date":"2022-04-07T18:07:02","date_gmt":"2022-04-07T21:07:02","guid":{"rendered":"https:\/\/imais.online\/portal\/?p=5518"},"modified":"2022-04-07T18:07:03","modified_gmt":"2022-04-07T21:07:03","slug":"prefeitura-de-indaiatuba-reforca-obrigatoriedade-do-uso-da-mascara-em-unidades-de-saude-e-transporte-publico","status":"publish","type":"post","link":"https:\/\/imais.online\/portal\/prefeitura-de-indaiatuba-reforca-obrigatoriedade-do-uso-da-mascara-em-unidades-de-saude-e-transporte-publico\/","title":{"rendered":"Prefeitura de Indaiatuba refor\u00e7a obrigatoriedade do uso da m\u00e1scara em unidades de sa\u00fade e transporte p\u00fablico"},"content":{"rendered":"<div class=\"imais-before-content-placement\" id=\"imais-3597883850\"><script async src=\"\/\/pagead2.googlesyndication.com\/pagead\/js\/adsbygoogle.js?client=ca-pub-8787528412751566\" crossorigin=\"anonymous\"><\/script><ins class=\"adsbygoogle\" style=\"display:block;\" data-ad-client=\"ca-pub-8787528412751566\" \ndata-ad-slot=\"\" \ndata-ad-format=\"auto\"><\/ins>\n<script> \n(adsbygoogle = window.adsbygoogle || []).push({}); \n<\/script>\n<\/div>\n<p class=\"has-text-align-center\"><strong><em>Determina\u00e7\u00e3o segue decreto do Governo do Estado de S\u00e3o Paulo<\/em><\/strong><\/p>\n\n\n\n<p>A Prefeitura de Indaiatuba comunicou \u00e0 popula\u00e7\u00e3o sobre a obrigatoriedade de se manter o uso da m\u00e1scara em unidades de sa\u00fade e transporte p\u00fablico. A a\u00e7\u00e3o \u00e9 reflexo do Decreto do Governo de S\u00e3o Paulo N\u00ba 66.575, de 17 de mar\u00e7o de 2022, que trata sobre a flexibiliza\u00e7\u00e3o do uso da m\u00e1scara em ambientes fechados, com a exce\u00e7\u00e3o de unidades de sa\u00fade e transporte p\u00fablico.<\/p>\n\n\n\n<p>Locais destinados \u00e0 presta\u00e7\u00e3o de servi\u00e7os de sa\u00fade, independentemente de quais sejam, meios de transporte coletivo de passageiros e seus respectivos locais de acesso, embarque e desembarque, seguem autorizados para exigir o uso da m\u00e1scara em suas depend\u00eancias. A medida tem validade em todo Estado e vigora desde 17 de mar\u00e7o.<\/p>\n\n\n\n<p>Foto: Eliandro Figueira RIC\/PMI<\/p>\n","protected":false},"excerpt":{"rendered":"<p>Determina\u00e7\u00e3o segue decreto do Governo do Estado de S\u00e3o Paulo A Prefeitura de Indaiatuba comunicou \u00e0 popula\u00e7\u00e3o sobre a obrigatoriedade de se manter o uso da m\u00e1scara em unidades de sa\u00fade e transporte p\u00fablico. A a\u00e7\u00e3o \u00e9 reflexo do Decreto do Governo de S\u00e3o Paulo N\u00ba 66.575, de 17 de mar\u00e7o de 2022, que trata [&hellip;]<\/p>\n","protected":false},"author":8,"featured_media":5519,"comment_status":"closed","ping_status":"open","sticky":false,"template":"","format":"standard","meta":{"rop_custom_images_group":[],"rop_custom_messages_group":[],"rop_publish_now":"initial","rop_publish_now_accounts":[],"rop_publish_now_history":[],"rop_publish_now_status":"pending","footnotes":""},"categories":[188],"tags":[],"class_list":["post-5518","post","type-post","status-publish","format-standard","has-post-thumbnail","hentry","category-indaiatuba"],"amp_enabled":true,"_links":{"self":[{"href":"https:\/\/imais.online\/portal\/wp-json\/wp\/v2\/posts\/5518","targetHints":{"allow":["GET"]}}],"collection":[{"href":"https:\/\/imais.online\/portal\/wp-json\/wp\/v2\/posts"}],"about":[{"href":"https:\/\/imais.online\/portal\/wp-json\/wp\/v2\/types\/post"}],"author":[{"embeddable":true,"href":"https:\/\/imais.online\/portal\/wp-json\/wp\/v2\/users\/8"}],"replies":[{"embeddable":true,"href":"https:\/\/imais.online\/portal\/wp-json\/wp\/v2\/comments?post=5518"}],"version-history":[{"count":1,"href":"https:\/\/imais.online\/portal\/wp-json\/wp\/v2\/posts\/5518\/revisions"}],"predecessor-version":[{"id":5520,"href":"https:\/\/imais.online\/portal\/wp-json\/wp\/v2\/posts\/5518\/revisions\/5520"}],"wp:featuredmedia":[{"embeddable":true,"href":"https:\/\/imais.online\/portal\/wp-json\/wp\/v2\/media\/5519"}],"wp:attachment":[{"href":"https:\/\/imais.online\/portal\/wp-json\/wp\/v2\/media?parent=5518"}],"wp:term":[{"taxonomy":"category","embeddable":true,"href":"https:\/\/imais.online\/portal\/wp-json\/wp\/v2\/categories?post=5518"},{"taxonomy":"post_tag","embeddable":true,"href":"https:\/\/imais.online\/portal\/wp-json\/wp\/v2\/tags?post=5518"}],"curies":[{"name":"wp","href":"https:\/\/api.w.org\/{rel}","templated":true}]}}