{"id":5525,"date":"2022-04-08T07:56:49","date_gmt":"2022-04-08T10:56:49","guid":{"rendered":"https:\/\/imais.online\/portal\/?p=5525"},"modified":"2022-04-08T07:56:50","modified_gmt":"2022-04-08T10:56:50","slug":"janela-partidaria-37-parlamentares-de-sao-paulo-trocam-de-partido","status":"publish","type":"post","link":"https:\/\/imais.online\/portal\/janela-partidaria-37-parlamentares-de-sao-paulo-trocam-de-partido\/","title":{"rendered":"Janela partid\u00e1ria: 37 parlamentares de S\u00e3o Paulo trocam de partido"},"content":{"rendered":"<div class=\"imais-before-content-placement\" id=\"imais-1025241672\"><script async src=\"\/\/pagead2.googlesyndication.com\/pagead\/js\/adsbygoogle.js?client=ca-pub-8787528412751566\" crossorigin=\"anonymous\"><\/script><ins class=\"adsbygoogle\" style=\"display:block;\" data-ad-client=\"ca-pub-8787528412751566\" \ndata-ad-slot=\"\" \ndata-ad-format=\"auto\"><\/ins>\n<script> \n(adsbygoogle = window.adsbygoogle || []).push({}); \n<\/script>\n<\/div>\n<p>Mudan\u00e7a \u00e9 permitida pela legisla\u00e7\u00e3o eleitoral durante per\u00edodo de 30 dias, sem que haja solicita\u00e7\u00e3o de mandato<\/p>\n\n\n\n<p>Trinta e sete parlamentares da Assembleia Legislativa do Estado de S\u00e3o Paulo trocaram de partidos durante a janela partid\u00e1ria, iniciada em 3 de mar\u00e7o e encerrada no \u00faltimo s\u00e1bado (2). O per\u00edodo \u00e9 concedido pela Justi\u00e7a Eleitoral sem que haja reivindica\u00e7\u00e3o de mandato. Ao todo, a Alesp tem 94 deputados e deputadas.<\/p>\n\n\n\n<p>Com as trocas, mudam tamb\u00e9m a organiza\u00e7\u00e3o das bancadas, presen\u00e7a em comiss\u00f5es e lideran\u00e7as partid\u00e1rias. Na pr\u00f3xima semana, deve ser publicado no Di\u00e1rio Oficial a organiza\u00e7\u00e3o das comiss\u00f5es. A maior bancada agora \u00e9 do PL (Partido Liberal), que saiu de seis para 19 parlamentares. O PSDB det\u00e9m a segunda maior bancada da Alesp, com 14 parlamentares, seguido pelo PT, com dez.<\/p>\n\n\n\n<p>O Uni\u00e3o Brasil, partido formado pela fus\u00e3o do DEM e do PSL, tem agora nove parlamentares. O partido Republicanos agora tem nove parlamentares. O Podemos tem sete representantes. O partido Progressistas tem cinco parlamentares, enquanto MDB e PSOL t\u00eam tr\u00eas, cada. Ainda h\u00e1 representantes do Cidadania, Novo, PSDB, PSB, PDT, PCdoB, Avante, Solidariedade, Patriotas, PTC, PRTB e Rede.<\/p>\n\n\n\n<p>Pela lei, a janela partid\u00e1ria deve acontecer seis meses antes das elei\u00e7\u00f5es, que neste ano acontecem em 2 de outubro. A regra passou a valer em 2015, com a Reforma Eleitoral brasileira. Em 2022, os eleitores v\u00e3o escolher o presidente da Rep\u00fablica, o governador, um senador, deputado federal e estadual.<\/p>\n\n\n\n<figure class=\"wp-block-image size-large\"><img loading=\"lazy\" decoding=\"async\" width=\"1024\" height=\"682\" src=\"https:\/\/imais.online\/portal\/wp-content\/uploads\/2022\/04\/fg285162-1024x682.jpeg\" alt=\"\" class=\"wp-image-5526\" srcset=\"https:\/\/imais.online\/portal\/wp-content\/uploads\/2022\/04\/fg285162-1024x682.jpeg 1024w, https:\/\/imais.online\/portal\/wp-content\/uploads\/2022\/04\/fg285162-300x200.jpeg 300w, https:\/\/imais.online\/portal\/wp-content\/uploads\/2022\/04\/fg285162-768x512.jpeg 768w, https:\/\/imais.online\/portal\/wp-content\/uploads\/2022\/04\/fg285162.jpeg 1280w\" sizes=\"auto, (max-width: 1024px) 100vw, 1024px\" \/><\/figure>\n\n\n\n<p><strong>Janela eleitoral<\/strong><\/p>\n\n\n\n<p>Antes, as trocas s\u00f3 eram poss\u00edveis com a aprova\u00e7\u00e3o do TSE (Tribunal Superior Eleitoral), que estabeleceu o conceito de fidelidade partid\u00e1ria, compreendendo que o mandato pertence ao partido, n\u00e3o ao parlamentar eleito ao cargo nas elei\u00e7\u00f5es. Senadores, prefeitos e governadores n\u00e3o est\u00e3o previstos na regra e podem trocar de partido durante o mandato. Em 2018, o TSE definiu que s\u00f3 podem usufruir da janela partid\u00e1ria o parlamentar eleito que estiver no t\u00e9rmino do mandato.<\/p>\n\n\n\n<p>Fora do per\u00edodo estabelecido, mudan\u00e7as de legenda podem ser feitas caso ocorra o fim ou fus\u00e3o do partido atual, grave discrimina\u00e7\u00e3o e desvio do programa partid\u00e1rio, mas com aval do TSE.<\/p>\n","protected":false},"excerpt":{"rendered":"<p>Mudan\u00e7a \u00e9 permitida pela legisla\u00e7\u00e3o eleitoral durante per\u00edodo de 30 dias, sem que haja solicita\u00e7\u00e3o de mandato Trinta e sete parlamentares da Assembleia Legislativa do Estado de S\u00e3o Paulo trocaram de partidos durante a janela partid\u00e1ria, iniciada em 3 de mar\u00e7o e encerrada no \u00faltimo s\u00e1bado (2). O per\u00edodo \u00e9 concedido pela Justi\u00e7a Eleitoral sem [&hellip;]<\/p>\n","protected":false},"author":7,"featured_media":5527,"comment_status":"closed","ping_status":"open","sticky":false,"template":"","format":"standard","meta":{"rop_custom_images_group":[],"rop_custom_messages_group":[],"rop_publish_now":"initial","rop_publish_now_accounts":[],"rop_publish_now_history":[],"rop_publish_now_status":"pending","footnotes":""},"categories":[233],"tags":[73],"class_list":["post-5525","post","type-post","status-publish","format-standard","has-post-thumbnail","hentry","category-eleicoes","tag-featured"],"amp_enabled":true,"_links":{"self":[{"href":"https:\/\/imais.online\/portal\/wp-json\/wp\/v2\/posts\/5525","targetHints":{"allow":["GET"]}}],"collection":[{"href":"https:\/\/imais.online\/portal\/wp-json\/wp\/v2\/posts"}],"about":[{"href":"https:\/\/imais.online\/portal\/wp-json\/wp\/v2\/types\/post"}],"author":[{"embeddable":true,"href":"https:\/\/imais.online\/portal\/wp-json\/wp\/v2\/users\/7"}],"replies":[{"embeddable":true,"href":"https:\/\/imais.online\/portal\/wp-json\/wp\/v2\/comments?post=5525"}],"version-history":[{"count":1,"href":"https:\/\/imais.online\/portal\/wp-json\/wp\/v2\/posts\/5525\/revisions"}],"predecessor-version":[{"id":5528,"href":"https:\/\/imais.online\/portal\/wp-json\/wp\/v2\/posts\/5525\/revisions\/5528"}],"wp:featuredmedia":[{"embeddable":true,"href":"https:\/\/imais.online\/portal\/wp-json\/wp\/v2\/media\/5527"}],"wp:attachment":[{"href":"https:\/\/imais.online\/portal\/wp-json\/wp\/v2\/media?parent=5525"}],"wp:term":[{"taxonomy":"category","embeddable":true,"href":"https:\/\/imais.online\/portal\/wp-json\/wp\/v2\/categories?post=5525"},{"taxonomy":"post_tag","embeddable":true,"href":"https:\/\/imais.online\/portal\/wp-json\/wp\/v2\/tags?post=5525"}],"curies":[{"name":"wp","href":"https:\/\/api.w.org\/{rel}","templated":true}]}}