{"id":5532,"date":"2022-04-08T13:39:26","date_gmt":"2022-04-08T16:39:26","guid":{"rendered":"https:\/\/imais.online\/portal\/?p=5532"},"modified":"2022-04-08T13:39:27","modified_gmt":"2022-04-08T16:39:27","slug":"corporacao-musical-traz-concerto-com-classicos-do-jazz-e-mpb-e-participacao-de-sara-bonfim","status":"publish","type":"post","link":"https:\/\/imais.online\/portal\/corporacao-musical-traz-concerto-com-classicos-do-jazz-e-mpb-e-participacao-de-sara-bonfim\/","title":{"rendered":"Corpora\u00e7\u00e3o Musical traz concerto com cl\u00e1ssicos do Jazz e MPB e participa\u00e7\u00e3o de Sara Bonfim"},"content":{"rendered":"<div class=\"imais-before-content-placement\" id=\"imais-2585580167\"><script async src=\"\/\/pagead2.googlesyndication.com\/pagead\/js\/adsbygoogle.js?client=ca-pub-8787528412751566\" crossorigin=\"anonymous\"><\/script><ins class=\"adsbygoogle\" style=\"display:block;\" data-ad-client=\"ca-pub-8787528412751566\" \ndata-ad-slot=\"\" \ndata-ad-format=\"auto\"><\/ins>\n<script> \n(adsbygoogle = window.adsbygoogle || []).push({}); \n<\/script>\n<\/div>\n<p><em>Apresenta\u00e7\u00e3o acontece neste s\u00e1bado, no Piano, com entrada franca<\/em><\/p>\n\n\n\n<p>Diretamente de um lugar no passado no qual as Big Bands eram uma verdadeira febre entre todas as idades. Este \u00e9 o ponto de partida do concerto&nbsp;<em>Cl\u00e1ssicos do Jazz e da M\u00fasica Brasileira<\/em>, que a Corpora\u00e7\u00e3o Musical Villa-Lobos apresenta no pr\u00f3ximo s\u00e1bado, 9 de abril, \u00e0s 20 horas, no Centro Cultural Hermenegildo Pinto, o Piano, com participa\u00e7\u00e3o especial da cantora Sara Bonfim. A entrada \u00e9 franca.<\/p>\n\n\n\n<p>Este ser\u00e1 o segundo concerto aberto ao p\u00fablico que a Sociedade Mantenedora da Corpora\u00e7\u00e3o Musical Villa-Lobos (SMCMVL) realiza este ano em Indaiatuba. \u201cNeste espet\u00e1culo imperd\u00edvel, depois de passear por nomes como Glenn Miller, Bart Haword e Stevie Wonder, a Big Band da CMVL vai visitar tamb\u00e9m compositores brasileiros do calibre de Tom Jobim, Vin\u00edcius de Morais e Dorival Caymmi\u201d, destaca o maestro Samuel Nascimento.<\/p>\n\n\n\n<p>O Piano fica na Avenida Engenheiro F\u00e1bio Roberto Barnab\u00e9, 5.924, no Jardim Morada do Sol. A entrada \u00e9 franca e acontece por ordem de chegada. O concerto conta com o apoio da Prefeitura de Indaiatuba, por meio da Secretaria Municipal de Cultura.<\/p>\n\n\n\n<p><strong>Esquema vacinal<\/strong><\/p>\n\n\n\n<p>Seguindo orienta\u00e7\u00e3o da Resolu\u00e7\u00e3o 166, de 4 de novembro de 2021, da Secretaria de Estado da Sa\u00fade de S\u00e3o Paulo, para regulamenta\u00e7\u00e3o de eventos no territ\u00f3rio estadual, tais como atividades culturais, esportivas e de lazer, dever\u00e3o ser observados: exig\u00eancia de comprova\u00e7\u00e3o de esquema vacinal completo (duas doses ou dose \u00fanica), ou pelo menos uma dose da vacina com apresenta\u00e7\u00e3o de resultado negativo de teste para Covid-19 do tipo PCR, realizado at\u00e9 48 horas, ou do tipo ant\u00edgeno, realizado at\u00e9 24 horas antes da realiza\u00e7\u00e3o do evento.<\/p>\n\n\n\n<p><strong>Cl\u00e1ssicos do Jazz e da M\u00fasica Brasileira<\/strong><\/p>\n\n\n\n<p><strong>Com:&nbsp;<\/strong>Big Band da Corpora\u00e7\u00e3o Musical Villa-Lobos<br><strong>Data:&nbsp;<\/strong>9 de abril<br><strong>Hor\u00e1rio:&nbsp;<\/strong>20 horas<br><strong>Local:&nbsp;<\/strong>Centro Cultural Hermenegildo Pinto (Piano)<br><strong>Endere\u00e7o:&nbsp;<\/strong>Av. Eng. F\u00e1bio Roberto Barnab\u00e9, 5.924 \u2013 Jd. Morada do Sol<br><strong>Entrada franca e por ordem de chegada<\/strong><\/p>\n","protected":false},"excerpt":{"rendered":"<p>Apresenta\u00e7\u00e3o acontece neste s\u00e1bado, no Piano, com entrada franca Diretamente de um lugar no passado no qual as Big Bands eram uma verdadeira febre entre todas as idades. Este \u00e9 o ponto de partida do concerto&nbsp;Cl\u00e1ssicos do Jazz e da M\u00fasica Brasileira, que a Corpora\u00e7\u00e3o Musical Villa-Lobos apresenta no pr\u00f3ximo s\u00e1bado, 9 de abril, \u00e0s [&hellip;]<\/p>\n","protected":false},"author":8,"featured_media":5533,"comment_status":"closed","ping_status":"open","sticky":false,"template":"","format":"standard","meta":{"rop_custom_images_group":[],"rop_custom_messages_group":[],"rop_publish_now":"initial","rop_publish_now_accounts":[],"rop_publish_now_history":[],"rop_publish_now_status":"pending","footnotes":""},"categories":[188],"tags":[],"class_list":["post-5532","post","type-post","status-publish","format-standard","has-post-thumbnail","hentry","category-indaiatuba"],"amp_enabled":true,"_links":{"self":[{"href":"https:\/\/imais.online\/portal\/wp-json\/wp\/v2\/posts\/5532","targetHints":{"allow":["GET"]}}],"collection":[{"href":"https:\/\/imais.online\/portal\/wp-json\/wp\/v2\/posts"}],"about":[{"href":"https:\/\/imais.online\/portal\/wp-json\/wp\/v2\/types\/post"}],"author":[{"embeddable":true,"href":"https:\/\/imais.online\/portal\/wp-json\/wp\/v2\/users\/8"}],"replies":[{"embeddable":true,"href":"https:\/\/imais.online\/portal\/wp-json\/wp\/v2\/comments?post=5532"}],"version-history":[{"count":1,"href":"https:\/\/imais.online\/portal\/wp-json\/wp\/v2\/posts\/5532\/revisions"}],"predecessor-version":[{"id":5534,"href":"https:\/\/imais.online\/portal\/wp-json\/wp\/v2\/posts\/5532\/revisions\/5534"}],"wp:featuredmedia":[{"embeddable":true,"href":"https:\/\/imais.online\/portal\/wp-json\/wp\/v2\/media\/5533"}],"wp:attachment":[{"href":"https:\/\/imais.online\/portal\/wp-json\/wp\/v2\/media?parent=5532"}],"wp:term":[{"taxonomy":"category","embeddable":true,"href":"https:\/\/imais.online\/portal\/wp-json\/wp\/v2\/categories?post=5532"},{"taxonomy":"post_tag","embeddable":true,"href":"https:\/\/imais.online\/portal\/wp-json\/wp\/v2\/tags?post=5532"}],"curies":[{"name":"wp","href":"https:\/\/api.w.org\/{rel}","templated":true}]}}