{"id":5541,"date":"2022-04-09T09:20:31","date_gmt":"2022-04-09T12:20:31","guid":{"rendered":"https:\/\/imais.online\/portal\/?p=5541"},"modified":"2022-04-09T09:20:32","modified_gmt":"2022-04-09T12:20:32","slug":"motorista-morre-carbonizado-na-rodovia-santos-dumont-em-indaiatuba","status":"publish","type":"post","link":"https:\/\/imais.online\/portal\/motorista-morre-carbonizado-na-rodovia-santos-dumont-em-indaiatuba\/","title":{"rendered":"Motorista morre carbonizado na Rodovia Santos Dumont, em Indaiatuba"},"content":{"rendered":"<div class=\"imais-before-content-placement\" id=\"imais-390308434\"><script async src=\"\/\/pagead2.googlesyndication.com\/pagead\/js\/adsbygoogle.js?client=ca-pub-8787528412751566\" crossorigin=\"anonymous\"><\/script><ins class=\"adsbygoogle\" style=\"display:block;\" data-ad-client=\"ca-pub-8787528412751566\" \ndata-ad-slot=\"\" \ndata-ad-format=\"auto\"><\/ins>\n<script> \n(adsbygoogle = window.adsbygoogle || []).push({}); \n<\/script>\n<\/div>\n<p>V\u00edtima perdeu o controle ap\u00f3s bater em prote\u00e7\u00e3o met\u00e1lica e tombou na pista. Ele ficou preso nas ferragens. Trecho precisou ser interditado durante a madrugada.<\/p>\n\n\n\n<p>Um motorista morreu ap\u00f3s um acidente com o caminh\u00e3o que dirigia, na madrugada desta sexta-feira (8), na Rodovia Santos Dumont (SP-075), em\u00a0Indaiatuba\u00a0(SP).<\/p>\n\n\n\n<p>De acordo com a Pol\u00edcia Rodovi\u00e1ria, o ve\u00edculo seguia no sentido Cubat\u00e3o-Indaiatuba, quando entrou no acostamento e bateu na prote\u00e7\u00e3o met\u00e1lica. O motorista perdeu o controle do ve\u00edculo e tombou na pista.<\/p>\n\n\n\n<p>A carreta pegou fogo em seguida, o motorista ficou preso nas ferragens e morreu carbonizado. O Corpo de Bombeiros foi at\u00e9 o local para controlar as chamas. O caminh\u00e3o estava carregado com 37 toneladas de sulfato de s\u00f3dio anidro.<\/p>\n\n\n\n<p>O acidente aconteceu no km 49. A pista no sentido\u00a0Indaiatuba\u00a0precisou ficar interditada para o controle do inc\u00eandio e a remo\u00e7\u00e3o do ve\u00edculo, mas foi liberada durante a madrugada. N\u00e3o houve impacto no tr\u00e2nsito.<\/p>\n\n\n\n<p>Via G1 Campinas<\/p>\n","protected":false},"excerpt":{"rendered":"<p>V\u00edtima perdeu o controle ap\u00f3s bater em prote\u00e7\u00e3o met\u00e1lica e tombou na pista. Ele ficou preso nas ferragens. Trecho precisou ser interditado durante a madrugada. Um motorista morreu ap\u00f3s um acidente com o caminh\u00e3o que dirigia, na madrugada desta sexta-feira (8), na Rodovia Santos Dumont (SP-075), em\u00a0Indaiatuba\u00a0(SP). De acordo com a Pol\u00edcia Rodovi\u00e1ria, o ve\u00edculo [&hellip;]<\/p>\n","protected":false},"author":7,"featured_media":5542,"comment_status":"closed","ping_status":"open","sticky":false,"template":"","format":"standard","meta":{"rop_custom_images_group":[],"rop_custom_messages_group":[],"rop_publish_now":"initial","rop_publish_now_accounts":[],"rop_publish_now_history":[],"rop_publish_now_status":"pending","footnotes":""},"categories":[188],"tags":[73],"class_list":["post-5541","post","type-post","status-publish","format-standard","has-post-thumbnail","hentry","category-indaiatuba","tag-featured"],"amp_enabled":true,"_links":{"self":[{"href":"https:\/\/imais.online\/portal\/wp-json\/wp\/v2\/posts\/5541","targetHints":{"allow":["GET"]}}],"collection":[{"href":"https:\/\/imais.online\/portal\/wp-json\/wp\/v2\/posts"}],"about":[{"href":"https:\/\/imais.online\/portal\/wp-json\/wp\/v2\/types\/post"}],"author":[{"embeddable":true,"href":"https:\/\/imais.online\/portal\/wp-json\/wp\/v2\/users\/7"}],"replies":[{"embeddable":true,"href":"https:\/\/imais.online\/portal\/wp-json\/wp\/v2\/comments?post=5541"}],"version-history":[{"count":1,"href":"https:\/\/imais.online\/portal\/wp-json\/wp\/v2\/posts\/5541\/revisions"}],"predecessor-version":[{"id":5543,"href":"https:\/\/imais.online\/portal\/wp-json\/wp\/v2\/posts\/5541\/revisions\/5543"}],"wp:featuredmedia":[{"embeddable":true,"href":"https:\/\/imais.online\/portal\/wp-json\/wp\/v2\/media\/5542"}],"wp:attachment":[{"href":"https:\/\/imais.online\/portal\/wp-json\/wp\/v2\/media?parent=5541"}],"wp:term":[{"taxonomy":"category","embeddable":true,"href":"https:\/\/imais.online\/portal\/wp-json\/wp\/v2\/categories?post=5541"},{"taxonomy":"post_tag","embeddable":true,"href":"https:\/\/imais.online\/portal\/wp-json\/wp\/v2\/tags?post=5541"}],"curies":[{"name":"wp","href":"https:\/\/api.w.org\/{rel}","templated":true}]}}