{"id":5547,"date":"2022-04-10T17:41:39","date_gmt":"2022-04-10T20:41:39","guid":{"rendered":"https:\/\/imais.online\/portal\/?p=5547"},"modified":"2022-04-10T17:41:40","modified_gmt":"2022-04-10T20:41:40","slug":"governo-de-sp-entrega-obras-em-rio-das-pedras-e-usina-solar-em-elias-fausto","status":"publish","type":"post","link":"https:\/\/imais.online\/portal\/governo-de-sp-entrega-obras-em-rio-das-pedras-e-usina-solar-em-elias-fausto\/","title":{"rendered":"Governo de SP entrega obras em Rio das Pedras e usina solar em Elias Fausto"},"content":{"rendered":"<div class=\"imais-before-content-placement\" id=\"imais-578690950\"><script async src=\"\/\/pagead2.googlesyndication.com\/pagead\/js\/adsbygoogle.js?client=ca-pub-8787528412751566\" crossorigin=\"anonymous\"><\/script><ins class=\"adsbygoogle\" style=\"display:block;\" data-ad-client=\"ca-pub-8787528412751566\" \ndata-ad-slot=\"\" \ndata-ad-format=\"auto\"><\/ins>\n<script> \n(adsbygoogle = window.adsbygoogle || []).push({}); \n<\/script>\n<\/div>\n<p class=\"has-text-align-center\">Governador cumpriu agenda de trabalho com secret\u00e1rios estaduais na regi\u00e3o de Piracicaba nesta sexta (8)<\/p>\n\n\n\n<p>O Governador Rodrigo Garcia entregou nesta sexta-feira (8) as obras de moderniza\u00e7\u00e3o e melhorias da SPA 045\/127, em Rio das Pedras, com 5,5 km de extens\u00e3o e investimentos de R$ 5,4 milh\u00f5es. Ele tamb\u00e9m foi ao munic\u00edpio de Elias Fausto para a inaugura\u00e7\u00e3o de uma usina solar de gera\u00e7\u00e3o de energia el\u00e9trica.<\/p>\n\n\n\n<p>\u201cO bom governo \u00e9 aquele al\u00e9m de fazer, sabe se colocar no lugar do semelhante e escutar. Um governo que, al\u00e9m de falar, sabe que a vida n\u00e3o est\u00e1 f\u00e1cil e que ainda tem que fazer muita coisa para melhorar a qualidade de vida de quem est\u00e1 aqui em S\u00e3o Paulo\u201d, declarou Rodrigo.<\/p>\n\n\n\n<p>A rodovia SPA 045\/127 integra o programa Estrada Asfaltada, que contempla 150 obras de moderniza\u00e7\u00e3o de 2,3 mil quil\u00f4metros de vias em 196 cidades do interior e do litoral. As melhorias consistem em obras de conserva\u00e7\u00e3o especial, manuten\u00e7\u00e3o de vias que consiste em recape e implanta\u00e7\u00e3o de nova sinaliza\u00e7\u00e3o das rodovias.<\/p>\n\n\n\n<p>\u201cA moderniza\u00e7\u00e3o desta rodovia garante trafegar mais conforto e seguran\u00e7a aos usu\u00e1rios, al\u00e9m de mais desenvolvimento. A via faz uma liga\u00e7\u00e3o importante com a regi\u00e3o e o munic\u00edpio do Rio das Pedras\u201d, afirmou o Secret\u00e1rio de Log\u00edstica e Transportes, Jo\u00e3o Octaviano Machado Neto.<\/p>\n\n\n\n<p><strong>Usina da Sabesp<\/strong><\/p>\n\n\n\n<p>Na sequ\u00eancia, o governador esteve na cidade de Elias Fausto e acompanhou a inaugura\u00e7\u00e3o de mais uma usina fotovoltaica da Sabesp (Companhia de Saneamento B\u00e1sico do Estado de S\u00e3o Paulo). A energia produzida na unidade vai compensar cr\u00e9ditos com consumo de eletricidade que a Sabesp utiliza em suas instala\u00e7\u00f5es operacionais de \u00e1gua e esgoto em Elias Fausto e em mais tr\u00eas munic\u00edpios da regi\u00e3o.<\/p>\n\n\n\n<p>A usina fotovoltaica faz parte do programa estruturado pela Sabesp para uso da energia solar como fonte limpa e renov\u00e1vel, reduzindo custos. \u00c9 a segunda entregue pelo Programa de Gera\u00e7\u00e3o de Energia Fotovoltaica por Gera\u00e7\u00e3o Distribu\u00edda da Sabesp e recebeu investimento de R$ 4,3 milh\u00f5es.<\/p>\n","protected":false},"excerpt":{"rendered":"<p>Governador cumpriu agenda de trabalho com secret\u00e1rios estaduais na regi\u00e3o de Piracicaba nesta sexta (8) O Governador Rodrigo Garcia entregou nesta sexta-feira (8) as obras de moderniza\u00e7\u00e3o e melhorias da SPA 045\/127, em Rio das Pedras, com 5,5 km de extens\u00e3o e investimentos de R$ 5,4 milh\u00f5es. Ele tamb\u00e9m foi ao munic\u00edpio de Elias Fausto [&hellip;]<\/p>\n","protected":false},"author":7,"featured_media":5548,"comment_status":"closed","ping_status":"open","sticky":false,"template":"","format":"standard","meta":{"rop_custom_images_group":[],"rop_custom_messages_group":[],"rop_publish_now":"initial","rop_publish_now_accounts":[],"rop_publish_now_history":[],"rop_publish_now_status":"pending","footnotes":""},"categories":[195],"tags":[],"class_list":["post-5547","post","type-post","status-publish","format-standard","has-post-thumbnail","hentry","category-sao-paulo"],"amp_enabled":true,"_links":{"self":[{"href":"https:\/\/imais.online\/portal\/wp-json\/wp\/v2\/posts\/5547","targetHints":{"allow":["GET"]}}],"collection":[{"href":"https:\/\/imais.online\/portal\/wp-json\/wp\/v2\/posts"}],"about":[{"href":"https:\/\/imais.online\/portal\/wp-json\/wp\/v2\/types\/post"}],"author":[{"embeddable":true,"href":"https:\/\/imais.online\/portal\/wp-json\/wp\/v2\/users\/7"}],"replies":[{"embeddable":true,"href":"https:\/\/imais.online\/portal\/wp-json\/wp\/v2\/comments?post=5547"}],"version-history":[{"count":1,"href":"https:\/\/imais.online\/portal\/wp-json\/wp\/v2\/posts\/5547\/revisions"}],"predecessor-version":[{"id":5549,"href":"https:\/\/imais.online\/portal\/wp-json\/wp\/v2\/posts\/5547\/revisions\/5549"}],"wp:featuredmedia":[{"embeddable":true,"href":"https:\/\/imais.online\/portal\/wp-json\/wp\/v2\/media\/5548"}],"wp:attachment":[{"href":"https:\/\/imais.online\/portal\/wp-json\/wp\/v2\/media?parent=5547"}],"wp:term":[{"taxonomy":"category","embeddable":true,"href":"https:\/\/imais.online\/portal\/wp-json\/wp\/v2\/categories?post=5547"},{"taxonomy":"post_tag","embeddable":true,"href":"https:\/\/imais.online\/portal\/wp-json\/wp\/v2\/tags?post=5547"}],"curies":[{"name":"wp","href":"https:\/\/api.w.org\/{rel}","templated":true}]}}