{"id":5560,"date":"2022-04-11T13:24:41","date_gmt":"2022-04-11T16:24:41","guid":{"rendered":"https:\/\/imais.online\/portal\/?p=5560"},"modified":"2022-04-11T13:24:43","modified_gmt":"2022-04-11T16:24:43","slug":"consorcio-do-ribeirao-pirai-promove-visita-ao-local-onde-sera-construida-barragem","status":"publish","type":"post","link":"https:\/\/imais.online\/portal\/consorcio-do-ribeirao-pirai-promove-visita-ao-local-onde-sera-construida-barragem\/","title":{"rendered":"Cons\u00f3rcio do Ribeir\u00e3o Pira\u00ed promove visita ao local onde ser\u00e1 constru\u00edda Barragem"},"content":{"rendered":"<div class=\"imais-before-content-placement\" id=\"imais-3014075094\"><script async src=\"\/\/pagead2.googlesyndication.com\/pagead\/js\/adsbygoogle.js?client=ca-pub-8787528412751566\" crossorigin=\"anonymous\"><\/script><ins class=\"adsbygoogle\" style=\"display:block;\" data-ad-client=\"ca-pub-8787528412751566\" \ndata-ad-slot=\"\" \ndata-ad-format=\"auto\"><\/ins>\n<script> \n(adsbygoogle = window.adsbygoogle || []).push({}); \n<\/script>\n<\/div>\n<p>O Cons\u00f3rcio Intermunicipal do Ribeir\u00e3o Pira\u00ed (Conirpi), atrav\u00e9s dos prefeitos Nilson Gaspar, de Indaiatuba, Laerte Sonsini Junior, de Salto, Guilherme Gazola, de Itu e Ant\u00f4nio Carlos Mangini, de Cabre\u00fava, cidades que integram o cons\u00f3rcio, apresentou nesta sexta-feira (8), o local onde ser\u00e1 constru\u00edda a Barragem do Ribeir\u00e3o Pira\u00ed, para autoridades e imprensa.<\/p>\n\n\n\n<p>Na ocasi\u00e3o, o prefeito Nilson Gaspar (MDB), que tamb\u00e9m \u00e9 presidente doConirpi,fez uma apresenta\u00e7\u00e3o t\u00e9cnica da obra.&nbsp;\u201cA represa abrange as quatro cidades do cons\u00f3rcio e possui a capacidade de quase 10 bilh\u00f5es de litros de \u00e1gua em 3,5 km de extens\u00e3o. Essa represa \u00e9 nove vezes maior que a do Mirim e a obra tem previs\u00e3o de iniciar no segundo semestre deste ano\u201d, explica Gaspar. &nbsp;<\/p>\n\n\n\n<p>O encontro contou, tamb\u00e9m, com autoridades do Estado, entre elas, o deputado Estadual Rog\u00e9rio Nogueira, o subsecret\u00e1rio de Infraestrutura e Meio Ambiente do Estado de S\u00e3o Paulo, Cassiano Rosas de \u00c1vila, o chefe de Gabinete do Departamento de \u00c1guas e Energia El\u00e9trica (DAEE), Wanderley de Abreu Soares Junior, o diretor de Avalia\u00e7\u00e3o de Impacto Ambiental da Companhia Ambiental do Estado de S\u00e3o Paulo (Cetesb), Domenico Tremaroli, al\u00e9m de representantes da Caixa Econ\u00f4mica Federal, como o superintendente regional de governo Eliseu Moda.<\/p>\n\n\n\n<p>De acordo com D\u00f4menico Tremaroli, &nbsp;a obra vai ampliar a distribui\u00e7\u00e3o de \u00e1gua para a popula\u00e7\u00e3o das cidades envolvidas.&nbsp;\u201cCom a Barragem do Pira\u00ed teremos um grande reservat\u00f3rio capaz de auxiliar ainda mais o suprimento de \u00e1guas nas cidades. Tendo em vista que a nossa regi\u00e3o \u00e9 muito pobre de recursos h\u00eddricos, n\u00f3s temos que valorizar cada corpo de \u00e1gua. \u00c9 gratificante poder estar participando deste evento \u201d.<\/p>\n\n\n\n<p>Tamb\u00e9m prestigiaram o evento vereadores, secret\u00e1rios municipais, equipes t\u00e9cnicas e representantes da Associa\u00e7\u00e3o dos Engenheiros, Arquitetos e Agr\u00f4nomos de Indaiatuba (AEAI), Cons\u00f3rcio PCJ &#8211; Cons\u00f3rcio Intermunicipal das Bacias dos Rios Piracicaba, Capivari e Jundia\u00ed, equipes T\u00e9cnicas do DAAE, Cetesb e a imprensa.<\/p>\n\n\n\n<p>Participou da apresenta\u00e7\u00e3o o ge\u00f3logo e secret\u00e1rio Executivo do Instituto de Estudos do Vale do Tiet\u00ea (Inevat), Francisco Moschini, idealizador da barragem e ligado a a\u00e7\u00f5es vinculadas ao Meio Ambiente na regi\u00e3o.<\/p>\n\n\n\n<p>A Barragem do Pira\u00ed ser\u00e1 constru\u00edda atrav\u00e9s do Conirpi e ir\u00e1 regularizar a vaz\u00e3o do manancial, garantindo sua capta\u00e7\u00e3o durante o ano todo, inclusive nos per\u00edodos de estiagem. A obra conta com recursos financeiros dos Munic\u00edpios e dos Governos Federal e Estadual. A previs\u00e3o de in\u00edcio da obra \u00e9 para o pr\u00f3ximo semestre.<\/p>\n\n\n\n<p><strong>Barragem do Pira\u00ed<\/strong><\/p>\n\n\n\n<p>Na primeira etapa da Barragem do Pira\u00ed est\u00e1 prevista a constru\u00e7\u00e3o do maci\u00e7o de terra, vertedouro, escada de peixes, canal de dissipa\u00e7\u00e3o e desvio, torre e a limpeza da \u00e1rea para garantir a reserva\u00e7\u00e3o (at\u00e9 as proximidades da fazenda Pira\u00ed). Para a segunda etapa a estimativa \u00e9 de iniciar a constru\u00e7\u00e3o da adutora para Salto, esta\u00e7\u00e3o de capta\u00e7\u00e3o e adu\u00e7\u00e3o e sistema de transposi\u00e7\u00e3o de peixes, dique de conten\u00e7\u00e3o para a fazenda Pira\u00ed e travessia de Itu.<\/p>\n\n\n\n<p>O maci\u00e7o ser\u00e1 constru\u00eddo na divisa entre os munic\u00edpios de Salto e Itu, com altura de 15 metros, extens\u00e3o de 415 metros, largura talude de 90 metros de base e sete metros de crista, um vertedouro labirinto e uma escada de peixes.<\/p>\n\n\n\n<p>A represa tem a capacidade de reserva\u00e7\u00e3o para 9,7 bilh\u00f5es\/litros de \u00e1gua, sua extens\u00e3o \u00e9 de 3,5 quil\u00f4metros com a largura m\u00e9dia de 450 metros e profundidade de 15 metros. Al\u00e9m de um espelho d\u00b4\u00e1gua de 1.823.960 m\u00b2, \u00c1rea de Preserva\u00e7\u00e3o Ambiental (APP) de 1.617.250 m\u00b2, somando uma \u00e1rea total de 3.441.210 m\u00b2. J\u00e1 a travessia tem uma extens\u00e3o de 370 metros e a altura de 9,5 metros e o dique com uma extens\u00e3o de 700 metros e a altura de 9,5 metros.&nbsp;<\/p>\n","protected":false},"excerpt":{"rendered":"<p>O Cons\u00f3rcio Intermunicipal do Ribeir\u00e3o Pira\u00ed (Conirpi), atrav\u00e9s dos prefeitos Nilson Gaspar, de Indaiatuba, Laerte Sonsini Junior, de Salto, Guilherme Gazola, de Itu e Ant\u00f4nio Carlos Mangini, de Cabre\u00fava, cidades que integram o cons\u00f3rcio, apresentou nesta sexta-feira (8), o local onde ser\u00e1 constru\u00edda a Barragem do Ribeir\u00e3o Pira\u00ed, para autoridades e imprensa. Na ocasi\u00e3o, o [&hellip;]<\/p>\n","protected":false},"author":8,"featured_media":5561,"comment_status":"closed","ping_status":"open","sticky":false,"template":"","format":"standard","meta":{"rop_custom_images_group":[],"rop_custom_messages_group":[],"rop_publish_now":"initial","rop_publish_now_accounts":[],"rop_publish_now_history":[],"rop_publish_now_status":"pending","footnotes":""},"categories":[188],"tags":[],"class_list":["post-5560","post","type-post","status-publish","format-standard","has-post-thumbnail","hentry","category-indaiatuba"],"amp_enabled":true,"_links":{"self":[{"href":"https:\/\/imais.online\/portal\/wp-json\/wp\/v2\/posts\/5560","targetHints":{"allow":["GET"]}}],"collection":[{"href":"https:\/\/imais.online\/portal\/wp-json\/wp\/v2\/posts"}],"about":[{"href":"https:\/\/imais.online\/portal\/wp-json\/wp\/v2\/types\/post"}],"author":[{"embeddable":true,"href":"https:\/\/imais.online\/portal\/wp-json\/wp\/v2\/users\/8"}],"replies":[{"embeddable":true,"href":"https:\/\/imais.online\/portal\/wp-json\/wp\/v2\/comments?post=5560"}],"version-history":[{"count":1,"href":"https:\/\/imais.online\/portal\/wp-json\/wp\/v2\/posts\/5560\/revisions"}],"predecessor-version":[{"id":5562,"href":"https:\/\/imais.online\/portal\/wp-json\/wp\/v2\/posts\/5560\/revisions\/5562"}],"wp:featuredmedia":[{"embeddable":true,"href":"https:\/\/imais.online\/portal\/wp-json\/wp\/v2\/media\/5561"}],"wp:attachment":[{"href":"https:\/\/imais.online\/portal\/wp-json\/wp\/v2\/media?parent=5560"}],"wp:term":[{"taxonomy":"category","embeddable":true,"href":"https:\/\/imais.online\/portal\/wp-json\/wp\/v2\/categories?post=5560"},{"taxonomy":"post_tag","embeddable":true,"href":"https:\/\/imais.online\/portal\/wp-json\/wp\/v2\/tags?post=5560"}],"curies":[{"name":"wp","href":"https:\/\/api.w.org\/{rel}","templated":true}]}}