{"id":5569,"date":"2022-04-11T13:42:08","date_gmt":"2022-04-11T16:42:08","guid":{"rendered":"https:\/\/imais.online\/portal\/?p=5569"},"modified":"2022-04-11T13:42:10","modified_gmt":"2022-04-11T16:42:10","slug":"semana-em-sp-comeca-com-calor-temperatura-despenca-a-partir-de-quinta-e-feriado-tera-minima-de-10c","status":"publish","type":"post","link":"https:\/\/imais.online\/portal\/semana-em-sp-comeca-com-calor-temperatura-despenca-a-partir-de-quinta-e-feriado-tera-minima-de-10c\/","title":{"rendered":"Semana em SP come\u00e7a com calor; temperatura despenca a partir de quinta e feriado ter\u00e1 m\u00ednima de 10\u00b0C"},"content":{"rendered":"<div class=\"imais-before-content-placement\" id=\"imais-2155287528\"><script async src=\"\/\/pagead2.googlesyndication.com\/pagead\/js\/adsbygoogle.js?client=ca-pub-8787528412751566\" crossorigin=\"anonymous\"><\/script><ins class=\"adsbygoogle\" style=\"display:block;\" data-ad-client=\"ca-pub-8787528412751566\" \ndata-ad-slot=\"\" \ndata-ad-format=\"auto\"><\/ins>\n<script> \n(adsbygoogle = window.adsbygoogle || []).push({}); \n<\/script>\n<\/div>\n<h2 class=\"has-text-align-center wp-block-heading\">M\u00e1ximas no in\u00edcio da semana podem chegar aos 30\u00b0C. P\u00e1scoa, por\u00e9m, deve ter clima mais frio. Na sexta (15), m\u00e1ximas n\u00e3o ultrapassam os 20\u00b0C.<\/h2>\n\n\n\n<p>A semana na cidade de S\u00e3o Paulo ser\u00e1 marcada por calor e pela chegada de uma frente fria, que deve derrubar as temperaturas na capital a partir da quinta-feira (14).<\/p>\n\n\n\n<p>Na manh\u00e3 desta segunda (11), os term\u00f4metros do Centro de Gerenciamento de Emerg\u00eancias Clim\u00e1ticas (CGE) da prefeitura registraram uma m\u00e9dia de 17\u00baC na cidade.<\/p>\n\n\n\n<p>Por\u00e9m, assim como na \u00faltima semana, as temperaturas se elevar\u00e3o ainda durante a manh\u00e3, atingindo a casa dos 30\u00baC durante a tarde.<\/p>\n\n\n\n<p>O mesmo deve acontecer nos pr\u00f3ximos dias, segundo a previs\u00e3o do Instituto Nacional de Meteorologia (INMET).<\/p>\n\n\n\n<p>J\u00e1 na quinta-feira (14), a chegada de uma frente fria deve derrubar as temperaturas m\u00e1ximas e m\u00ednimas em S\u00e3o Paulo.<\/p>\n\n\n\n<h2 class=\"wp-block-heading\">Previs\u00e3o do INMET para esta semana<\/h2>\n\n\n\n<p><strong>Segunda-feira (11\/04)<\/strong><\/p>\n\n\n\n<ul class=\"wp-block-list\"><li>Temperatura M\u00e1xima: 30\u00b0C<\/li><li>Temperatura M\u00ednima: 17\u00b0C<\/li><li>C\u00e9u nublado, com possibilidade de chuva isolada<\/li><\/ul>\n\n\n\n<p><strong>Ter\u00e7a-feira (12\/04)<\/strong><\/p>\n\n\n\n<ul class=\"wp-block-list\"><li>Temperatura M\u00e1xima: 33\u00b0C<\/li><li>Temperatura M\u00ednima: 18\u00b0C<\/li><li>C\u00e9u encoberto, com possibilidade de chuva fraca<\/li><\/ul>\n\n\n\n<p><strong>Quarta-feira (13\/04)<\/strong><\/p>\n\n\n\n<ul class=\"wp-block-list\"><li>Temperatura M\u00e1xima: 27\u00b0C<\/li><li>Temperatura M\u00ednima: 19\u00b0C<\/li><li>C\u00e9u nublado, com possibilidade de pancadas de chuva isoladas<\/li><\/ul>\n\n\n\n<p><strong>Quinta-feira (14\/04)<\/strong><\/p>\n\n\n\n<ul class=\"wp-block-list\"><li>Temperatura M\u00e1xima: 21\u00b0C<\/li><li>Temperatura M\u00ednima: 15\u00b0C<\/li><li>C\u00e9u nublado, com possibilidade de pancadas de chuva isoladas<\/li><\/ul>\n\n\n\n<p><strong>Sexta-feira (15\/04)<\/strong><\/p>\n\n\n\n<ul class=\"wp-block-list\"><li>Temperatura M\u00e1xima: 20\u00b0C<\/li><li>Temperatura M\u00ednima: 10\u00b0C<\/li><li>C\u00e9u aberto, com queda na umidade<\/li><\/ul>\n\n\n\n<p>Fonte G1<\/p>\n","protected":false},"excerpt":{"rendered":"<p>M\u00e1ximas no in\u00edcio da semana podem chegar aos 30\u00b0C. P\u00e1scoa, por\u00e9m, deve ter clima mais frio. Na sexta (15), m\u00e1ximas n\u00e3o ultrapassam os 20\u00b0C. A semana na cidade de S\u00e3o Paulo ser\u00e1 marcada por calor e pela chegada de uma frente fria, que deve derrubar as temperaturas na capital a partir da quinta-feira (14). Na [&hellip;]<\/p>\n","protected":false},"author":8,"featured_media":5570,"comment_status":"closed","ping_status":"open","sticky":false,"template":"","format":"standard","meta":{"rop_custom_images_group":[],"rop_custom_messages_group":[],"rop_publish_now":"initial","rop_publish_now_accounts":[],"rop_publish_now_history":[],"rop_publish_now_status":"pending","footnotes":""},"categories":[195],"tags":[],"class_list":["post-5569","post","type-post","status-publish","format-standard","has-post-thumbnail","hentry","category-sao-paulo"],"amp_enabled":true,"_links":{"self":[{"href":"https:\/\/imais.online\/portal\/wp-json\/wp\/v2\/posts\/5569","targetHints":{"allow":["GET"]}}],"collection":[{"href":"https:\/\/imais.online\/portal\/wp-json\/wp\/v2\/posts"}],"about":[{"href":"https:\/\/imais.online\/portal\/wp-json\/wp\/v2\/types\/post"}],"author":[{"embeddable":true,"href":"https:\/\/imais.online\/portal\/wp-json\/wp\/v2\/users\/8"}],"replies":[{"embeddable":true,"href":"https:\/\/imais.online\/portal\/wp-json\/wp\/v2\/comments?post=5569"}],"version-history":[{"count":1,"href":"https:\/\/imais.online\/portal\/wp-json\/wp\/v2\/posts\/5569\/revisions"}],"predecessor-version":[{"id":5571,"href":"https:\/\/imais.online\/portal\/wp-json\/wp\/v2\/posts\/5569\/revisions\/5571"}],"wp:featuredmedia":[{"embeddable":true,"href":"https:\/\/imais.online\/portal\/wp-json\/wp\/v2\/media\/5570"}],"wp:attachment":[{"href":"https:\/\/imais.online\/portal\/wp-json\/wp\/v2\/media?parent=5569"}],"wp:term":[{"taxonomy":"category","embeddable":true,"href":"https:\/\/imais.online\/portal\/wp-json\/wp\/v2\/categories?post=5569"},{"taxonomy":"post_tag","embeddable":true,"href":"https:\/\/imais.online\/portal\/wp-json\/wp\/v2\/tags?post=5569"}],"curies":[{"name":"wp","href":"https:\/\/api.w.org\/{rel}","templated":true}]}}