{"id":5602,"date":"2022-04-12T18:40:28","date_gmt":"2022-04-12T21:40:28","guid":{"rendered":"https:\/\/imais.online\/portal\/?p=5602"},"modified":"2022-04-12T18:40:30","modified_gmt":"2022-04-12T21:40:30","slug":"comissao-de-etica-da-alesp-aprova-pedido-de-cassacao-de-arthur-do-val","status":"publish","type":"post","link":"https:\/\/imais.online\/portal\/comissao-de-etica-da-alesp-aprova-pedido-de-cassacao-de-arthur-do-val\/","title":{"rendered":"Comiss\u00e3o de \u00c9tica da Alesp aprova pedido de cassa\u00e7\u00e3o de Arthur do Val"},"content":{"rendered":"<div class=\"imais-before-content-placement\" id=\"imais-1606916756\"><script async src=\"\/\/pagead2.googlesyndication.com\/pagead\/js\/adsbygoogle.js?client=ca-pub-8787528412751566\" crossorigin=\"anonymous\"><\/script><ins class=\"adsbygoogle\" style=\"display:block;\" data-ad-client=\"ca-pub-8787528412751566\" \ndata-ad-slot=\"\" \ndata-ad-format=\"auto\"><\/ins>\n<script> \n(adsbygoogle = window.adsbygoogle || []).push({}); \n<\/script>\n<\/div>\n<p class=\"has-text-align-center\">Relat\u00f3rio foi aprovado por unanimidade<\/p>\n\n\n\n<p>A Comiss\u00e3o de \u00c9tica e Decoro Parlamentar da Assembleia Legislativa do Estado de S\u00e3o Paulo (Alesp) aprovou&nbsp;hoje&nbsp;(12), por unanimidade, o relat\u00f3rio que&nbsp;pediu a cassa\u00e7\u00e3o do deputado Arthur do Val, tamb\u00e9m conhecido como Mam\u00e3e Falei, do partido Uni\u00e3o Brasil.&nbsp;<img decoding=\"async\" src=\"https:\/\/agenciabrasil.ebc.com.br\/ebc.png?id=1453658&amp;o=node\"><img decoding=\"async\" src=\"https:\/\/agenciabrasil.ebc.com.br\/ebc.gif?id=1453658&amp;o=node\"><\/p>\n\n\n\n<p>Para a perda de mandato ocorrer, o relat\u00f3rio ainda precisar\u00e1 ser aprovado no plen\u00e1rio da Alesp pela maioria dos parlamentares da casa. Se for cassado, o deputado perder\u00e1 o mandato e passar\u00e1 a ser ineleg\u00edvel por oito anos.<\/p>\n\n\n\n<p>O relator do caso na Comiss\u00e3o de \u00c9tica, o deputado Delegado Olim (PP), destacou em seu texto a quebra de decoro de Arhur do Val em \u00e1udios sexistas enviados a um grupo virtual, que posteriormente se tornaram p\u00fablicos.<\/p>\n\n\n\n<p>\u201cO conte\u00fado das falas exibe explora\u00e7\u00e3o, humilha\u00e7\u00e3o e viol\u00eancia moral contra as mulheres ucranianas em situa\u00e7\u00e3o de vulnerabilidade. O representado, no bojo desses \u00e1udios, fez apologia ao turismo sexual\u201d, ressaltou o relator.<\/p>\n\n\n\n<p>O deputado Arthur do Val foi \u00e0 fronteira entre a Eslov\u00e1quia e a Ucr\u00e2nia, pa\u00eds em situa\u00e7\u00e3o de guerra, para, segundo ele, ajudar os ucranianos contra a R\u00fassia. O deputado enviou \u00e1udios a amigos, divulgados posteriormente pela imprensa, em que elogia a beleza das refugiadas ucranianas e diz que as mulheres de l\u00e1 s\u00e3o \u201cf\u00e1ceis\u201d por serem pobres.&nbsp;<\/p>\n\n\n\n<p>\u201cAssim que essa guerra passar eu vou voltar pra c\u00e1. E detalhe, elas olham. E s\u00e3o f\u00e1ceis, porque elas s\u00e3o pobres. E aqui minha carta do Instagram, cheio de inscritos, funciona demais. N\u00e3o peguei ningu\u00e9m, a gente n\u00e3o tinha tempo, mas colei em dois grupos de minas e \u00e9 inacredit\u00e1vel a facilidade\u201d, disse ele em um trecho do \u00e1udio enviado em um grupo privado no WhatsApp.<\/p>\n\n\n\n<p>Na chegada ao Brasil, o deputado deu entrevistas confirmando ser o autor dos \u00e1udios e retirou sua pr\u00e9-candidatura ao governo do estado de S\u00e3o Paulo. Ele afirmou&nbsp;ter&nbsp;cometido \u201cum erro em um momento de empolga\u00e7\u00e3o\u201d.<\/p>\n\n\n\n<h2 class=\"wp-block-heading\">Defesa<\/h2>\n\n\n\n<p>Em sua fala de defesa, na sess\u00e3o da Comiss\u00e3o de \u00c9tica, Arthur do Val reconheceu que errou e pediu desculpas. \u201cEu errei. Ponto final. Houve erro. Eu quero pedir desculpas aqui principalmente \u00e0s mulheres ucranianas que est\u00e3o aqui e \u00e0s pessoas que verdadeiramente se ofenderam com os meus \u00e1udios. Eu devo essas desculpas\u201d, disse.&nbsp;<\/p>\n\n\n\n<p>Arthur afirmou ainda que sua cassa\u00e7\u00e3o est\u00e1 ocorrendo em raz\u00e3o de suas virtudes, n\u00e3o de seus erros, e porque todos o odeiam na Alesp. \u201cA verdade \u00e9 que todos aqui me odeiam, \u00e9 verdade isso, eu n\u00e3o nego isso, eu falo isso sempre\u201d, disse. \u201cEsse processo de cassa\u00e7\u00e3o n\u00e3o \u00e9 pelo que eu disse, \u00e9 por quem disse\u201d, acrescentou.<\/p>\n\n\n\n<p>O deputado afirmou que n\u00e3o \u00e9 bem quisto na Alesp porque, segundo ele, atuou pelo corte de aux\u00edlios e verbas que seriam destinadas aos demais deputados e funcion\u00e1rios.&nbsp;<\/p>\n","protected":false},"excerpt":{"rendered":"<p>Relat\u00f3rio foi aprovado por unanimidade A Comiss\u00e3o de \u00c9tica e Decoro Parlamentar da Assembleia Legislativa do Estado de S\u00e3o Paulo (Alesp) aprovou&nbsp;hoje&nbsp;(12), por unanimidade, o relat\u00f3rio que&nbsp;pediu a cassa\u00e7\u00e3o do deputado Arthur do Val, tamb\u00e9m conhecido como Mam\u00e3e Falei, do partido Uni\u00e3o Brasil.&nbsp; Para a perda de mandato ocorrer, o relat\u00f3rio ainda precisar\u00e1 ser aprovado [&hellip;]<\/p>\n","protected":false},"author":7,"featured_media":5603,"comment_status":"closed","ping_status":"open","sticky":false,"template":"","format":"standard","meta":{"rop_custom_images_group":[],"rop_custom_messages_group":[],"rop_publish_now":"initial","rop_publish_now_accounts":[],"rop_publish_now_history":[],"rop_publish_now_status":"pending","footnotes":""},"categories":[195],"tags":[],"class_list":["post-5602","post","type-post","status-publish","format-standard","has-post-thumbnail","hentry","category-sao-paulo"],"amp_enabled":true,"_links":{"self":[{"href":"https:\/\/imais.online\/portal\/wp-json\/wp\/v2\/posts\/5602","targetHints":{"allow":["GET"]}}],"collection":[{"href":"https:\/\/imais.online\/portal\/wp-json\/wp\/v2\/posts"}],"about":[{"href":"https:\/\/imais.online\/portal\/wp-json\/wp\/v2\/types\/post"}],"author":[{"embeddable":true,"href":"https:\/\/imais.online\/portal\/wp-json\/wp\/v2\/users\/7"}],"replies":[{"embeddable":true,"href":"https:\/\/imais.online\/portal\/wp-json\/wp\/v2\/comments?post=5602"}],"version-history":[{"count":1,"href":"https:\/\/imais.online\/portal\/wp-json\/wp\/v2\/posts\/5602\/revisions"}],"predecessor-version":[{"id":5604,"href":"https:\/\/imais.online\/portal\/wp-json\/wp\/v2\/posts\/5602\/revisions\/5604"}],"wp:featuredmedia":[{"embeddable":true,"href":"https:\/\/imais.online\/portal\/wp-json\/wp\/v2\/media\/5603"}],"wp:attachment":[{"href":"https:\/\/imais.online\/portal\/wp-json\/wp\/v2\/media?parent=5602"}],"wp:term":[{"taxonomy":"category","embeddable":true,"href":"https:\/\/imais.online\/portal\/wp-json\/wp\/v2\/categories?post=5602"},{"taxonomy":"post_tag","embeddable":true,"href":"https:\/\/imais.online\/portal\/wp-json\/wp\/v2\/tags?post=5602"}],"curies":[{"name":"wp","href":"https:\/\/api.w.org\/{rel}","templated":true}]}}