{"id":5611,"date":"2022-04-13T08:28:58","date_gmt":"2022-04-13T11:28:58","guid":{"rendered":"https:\/\/imais.online\/portal\/?p=5611"},"modified":"2022-04-13T08:28:59","modified_gmt":"2022-04-13T11:28:59","slug":"escolas-de-indaiatuba-recebem-apresentacao-teatral-infantil","status":"publish","type":"post","link":"https:\/\/imais.online\/portal\/escolas-de-indaiatuba-recebem-apresentacao-teatral-infantil\/","title":{"rendered":"Escolas de Indaiatuba recebem apresenta\u00e7\u00e3o teatral infantil"},"content":{"rendered":"<div class=\"imais-before-content-placement\" id=\"imais-1226595312\"><script async src=\"\/\/pagead2.googlesyndication.com\/pagead\/js\/adsbygoogle.js?client=ca-pub-8787528412751566\" crossorigin=\"anonymous\"><\/script><ins class=\"adsbygoogle\" style=\"display:block;\" data-ad-client=\"ca-pub-8787528412751566\" \ndata-ad-slot=\"\" \ndata-ad-format=\"auto\"><\/ins>\n<script> \n(adsbygoogle = window.adsbygoogle || []).push({}); \n<\/script>\n<\/div>\n<p class=\"has-text-align-center\"><em>A Menina dos olhos do Menino conscientiza sobre a import\u00e2ncia da sa\u00fade de nossos olhos de maneira leve e l\u00fadica<\/em><\/p>\n\n\n\n<p>Real\u00e7ar a import\u00e2ncia da sa\u00fade dos olhos de forma l\u00fadica e divertida \u00e9 o prop\u00f3sito do espet\u00e1culo infantil <em>A Menina dos olhos do Menino<\/em>, que acontece em 2 escolas municipais de Indaiatuba (SP), nos dias 18 e 19 de abril. A pe\u00e7a \u00e9 indicada para crian\u00e7as entre 6 e 10 anos de idade e utiliza-se da t\u00e9cnica de formas animadas, isto \u00e9, teatro de bonecos.<\/p>\n\n\n\n<p>O enredo aborda a hist\u00f3ria de Ludovico, um menino esperto e criativo que se une aos amigos imagin\u00e1rios Tino e Medonho na busca de sua menina dos olhos. Nessa viagem cheia de poesia, humor e aprendizado, Ludovico ir\u00e1 encontrar um lar para tudo o que \u00e9 mais importante na vida.<\/p>\n\n\n\n<p>Ent\u00e3o, a partir da narrativa, as crian\u00e7as ser\u00e3o convidadas a refletir sobre a import\u00e2ncia da sa\u00fade de seus olhos de maneira leve e l\u00fadica, misturando m\u00fasica ao vivo e momentos circenses numa viagem pelo imagin\u00e1rio infantil. Al\u00e9m disso, as escolas receber\u00e3o 552 cartilhas informativas, com propostas de atividades que consolidam os conceitos abordados na pe\u00e7a para que o aprendizado extrapole o espet\u00e1culo.<\/p>\n\n\n\n<p>A iniciativa \u00e9 viabilizada pelo Governo do Estado de S\u00e3o Paulo, por meio da Secretaria de Cultura e Economia Criativa, e tem como patrocinadora <strong>Tuberfil<\/strong>, uma das principais fabricantes de Tubos de A\u00e7o e Pe\u00e7as Tubulares do pa\u00eds.<\/p>\n\n\n\n<p>A realiza\u00e7\u00e3o do projeto \u00e9 da <a href=\"https:\/\/www.renovarte.art.br\/\"><strong>Renovarte Produtora Cultural<\/strong><\/a>, que promove, por meio da cultura e da arte, projetos de transforma\u00e7\u00e3o social e sustent\u00e1vel para formar pessoas por meio da valoriza\u00e7\u00e3o do ser humano, da criatividade, do desenvolvimento e da comunica\u00e7\u00e3o.<\/p>\n\n\n\n<p>Al\u00e9m disso, o projeto conta com apoio da Prefeitura Municipal de Indaiatuba, por meio da Secretaria de Educa\u00e7\u00e3o da cidade, e da empresa Favorita Cultura e Esporte.<br>&nbsp;<\/p>\n\n\n\n<p><strong>SERVI\u00c7O<\/strong><\/p>\n\n\n\n<p><strong>Espet\u00e1culo Infantil &#8212; A Menina dos olhos do Menino<\/strong><\/p>\n\n\n\n<p><strong>Programa\u00e7\u00e3o<\/strong><\/p>\n\n\n\n<p><strong>Cidade: Indaiatuba (SP)<\/strong><\/p>\n\n\n\n<p>18\/04 &#8212; E.M.E.B \u201cAnt\u00f4nio Luiz Balaminuti\u201d e E.M.E.B \u201cDom Ildefonso Stehle\u201d<\/p>\n\n\n\n<p>19\/04 &#8212; E.M.E.B \u201cAnt\u00f4nio Luiz Balaminuti\u201d e E.M.E.B \u201cDom Ildefonso Stehle\u201d<\/p>\n\n\n\n<p><strong>Patroc\u00ednio: Tuberfil<\/strong><strong>Produ\u00e7\u00e3o: Renovarte Produtora Cultural<\/strong><\/p>\n\n\n\n<p class=\"has-text-align-left\"><br>\u00a0<\/p>\n","protected":false},"excerpt":{"rendered":"<p>A Menina dos olhos do Menino conscientiza sobre a import\u00e2ncia da sa\u00fade de nossos olhos de maneira leve e l\u00fadica Real\u00e7ar a import\u00e2ncia da sa\u00fade dos olhos de forma l\u00fadica e divertida \u00e9 o prop\u00f3sito do espet\u00e1culo infantil A Menina dos olhos do Menino, que acontece em 2 escolas municipais de Indaiatuba (SP), nos dias [&hellip;]<\/p>\n","protected":false},"author":7,"featured_media":5612,"comment_status":"closed","ping_status":"open","sticky":false,"template":"","format":"standard","meta":{"rop_custom_images_group":[],"rop_custom_messages_group":[],"rop_publish_now":"initial","rop_publish_now_accounts":[],"rop_publish_now_history":[],"rop_publish_now_status":"pending","footnotes":""},"categories":[200],"tags":[],"class_list":["post-5611","post","type-post","status-publish","format-standard","has-post-thumbnail","hentry","category-cultura"],"amp_enabled":true,"_links":{"self":[{"href":"https:\/\/imais.online\/portal\/wp-json\/wp\/v2\/posts\/5611","targetHints":{"allow":["GET"]}}],"collection":[{"href":"https:\/\/imais.online\/portal\/wp-json\/wp\/v2\/posts"}],"about":[{"href":"https:\/\/imais.online\/portal\/wp-json\/wp\/v2\/types\/post"}],"author":[{"embeddable":true,"href":"https:\/\/imais.online\/portal\/wp-json\/wp\/v2\/users\/7"}],"replies":[{"embeddable":true,"href":"https:\/\/imais.online\/portal\/wp-json\/wp\/v2\/comments?post=5611"}],"version-history":[{"count":1,"href":"https:\/\/imais.online\/portal\/wp-json\/wp\/v2\/posts\/5611\/revisions"}],"predecessor-version":[{"id":5613,"href":"https:\/\/imais.online\/portal\/wp-json\/wp\/v2\/posts\/5611\/revisions\/5613"}],"wp:featuredmedia":[{"embeddable":true,"href":"https:\/\/imais.online\/portal\/wp-json\/wp\/v2\/media\/5612"}],"wp:attachment":[{"href":"https:\/\/imais.online\/portal\/wp-json\/wp\/v2\/media?parent=5611"}],"wp:term":[{"taxonomy":"category","embeddable":true,"href":"https:\/\/imais.online\/portal\/wp-json\/wp\/v2\/categories?post=5611"},{"taxonomy":"post_tag","embeddable":true,"href":"https:\/\/imais.online\/portal\/wp-json\/wp\/v2\/tags?post=5611"}],"curies":[{"name":"wp","href":"https:\/\/api.w.org\/{rel}","templated":true}]}}