{"id":5620,"date":"2022-04-13T13:29:15","date_gmt":"2022-04-13T16:29:15","guid":{"rendered":"https:\/\/imais.online\/portal\/?p=5620"},"modified":"2022-04-13T13:29:16","modified_gmt":"2022-04-13T16:29:16","slug":"vendas-do-comercio-crescem-11-em-fevereiro-segunda-alta-seguida","status":"publish","type":"post","link":"https:\/\/imais.online\/portal\/vendas-do-comercio-crescem-11-em-fevereiro-segunda-alta-seguida\/","title":{"rendered":"Vendas do com\u00e9rcio crescem 1,1% em fevereiro, segunda alta seguida"},"content":{"rendered":"<div class=\"imais-before-content-placement\" id=\"imais-421695818\"><script async src=\"\/\/pagead2.googlesyndication.com\/pagead\/js\/adsbygoogle.js?client=ca-pub-8787528412751566\" crossorigin=\"anonymous\"><\/script><ins class=\"adsbygoogle\" style=\"display:block;\" data-ad-client=\"ca-pub-8787528412751566\" \ndata-ad-slot=\"\" \ndata-ad-format=\"auto\"><\/ins>\n<script> \n(adsbygoogle = window.adsbygoogle || []).push({}); \n<\/script>\n<\/div>\n<h2 class=\"has-text-align-center wp-block-heading\">Varia\u00e7\u00e3o positiva coloca o setor varejista em patamar 1,2% acima do n\u00edvel pr\u00e9-pandemia, aponta IBGE<\/h2>\n\n\n\n<p>O volume de vendas do com\u00e9rcio varejista saltou 1,1% em fevereiro, a segunda alta seguida ap\u00f3s a eleva\u00e7\u00e3o de 0,8% verificada em janeiro, mostram dados divulgados nesta quarta-feira (13) pelo IBGE (Instituto Brasileiro de Geografia e Estat\u00edstica).&nbsp;<\/p>\n\n\n\n<p>Com a varia\u00e7\u00e3o apresentada pela PMC (Pesquisa Mensal do Com\u00e9rcio), o setor figura 1,2% acima do patamar pr\u00e9-pandemia e 4,9% abaixo do pico da s\u00e9rie, alcan\u00e7ado em outubro de 2020. No acumulado do primeiro bimestre, o varejo acumula varia\u00e7\u00e3o negativa de -0,1%. J\u00e1 nos \u00faltimos 12 meses, o segmento cresceu 1,7%.<\/p>\n\n\n\n<p>As atividades que comp\u00f5em o \u00edndice geral do setor, por\u00e9m, ainda apresentam comportamentos distintos em rela\u00e7\u00e3o a fevereiro de 2022. Livros, jornais, revistas e artigos de papelaria, por exemplo, est\u00e1 38,7% abaixo do n\u00edvel pr\u00e9-pandemia, enquanto artigos farmac\u00eauticos, m\u00e9dicos, ortop\u00e9dicos e de perfumaria est\u00e1 21,9% acima desse patamar.<\/p>\n\n\n\n<p>Na compara\u00e7\u00e3o com janeiro, o volume de vendas do com\u00e9rcio varejista foi positivo em 26 das 27 unidades da federa\u00e7\u00e3o, com destaque para Amap\u00e1 (8%), Rond\u00f4nia (8%) e Acre (5,9%). Somente Tocantins teve resultado negativo (-3,7%).<\/p>\n\n\n\n<h3 class=\"wp-block-heading\">Segmentos<\/h3>\n\n\n\n<p>O dado positivo de fevereiro surge com taxa positivas seis das oito atividades pesquisadas pelo indicador. Ainda que o setor de livros, jornais, revistas e papelaria tenha crescido 42,8%. Para\u00a0Cristiano Santos,\u00a0gerente respons\u00e1vel pela pesquisa, a\u00a0atividade de livros, jornais, revistas e papelaria\u00a0vem perdendo import\u00e2ncia no varejo por conta dos grandes marketplaces, que vendem livros online, mas n\u00e3o est\u00e3o inseridos nessa categoria.<\/p>\n\n\n\n<p>Diante da situa\u00e7\u00e3o, ele avalia o avan\u00e7o atual como insuficiente para o ramo\u00a0recuperar os n\u00edveis anteriores. \u201cO que segurava a atividade era o mercado de livros did\u00e1ticos, que foi bastante afetado pela pandemia com o ensino online e a migra\u00e7\u00e3o do material impresso para o meio digital. Ocorre que no in\u00edcio deste ano houve uma retomada relacionada, principalmente, com os grandes contratos de livros did\u00e1ticos\u201d, explica Santos.<\/p>\n\n\n\n<p>Mesmo com altas menores, os maiores impactos do com\u00e9rcio no m\u00eas vieram de combust\u00edveis e lubrificantes (5,3%), m\u00f3veis e eletrodom\u00e9sticos (2,3%), tecidos, vestu\u00e1rio e cal\u00e7ados (2,1%). Tamb\u00e9m avan\u00e7aram, em fevereiro, outros artigos de uso pessoal e dom\u00e9stico (1,6%) e hiper, supermercados, produtos aliment\u00edcios, bebidas e fumo (1,4%).<\/p>\n\n\n\n<p>O IBGE ressalta que\u00a0os indicadores de volume de vendas seguem impactados pela infla\u00e7\u00e3o dos alimentos. Por outro lado, o volume de vendas de artigos farmac\u00eauticos, m\u00e9dicos, ortop\u00e9dicos e de perfumaria recuou 5,6%, depois de tr\u00eas altas seguidas. J\u00e1 o ramo de equipamentos e material para escrit\u00f3rio inform\u00e1tica e comunica\u00e7\u00e3o apresentou estabilidade.<\/p>\n\n\n\n<p>Fonte R7<\/p>\n","protected":false},"excerpt":{"rendered":"<p>Varia\u00e7\u00e3o positiva coloca o setor varejista em patamar 1,2% acima do n\u00edvel pr\u00e9-pandemia, aponta IBGE O volume de vendas do com\u00e9rcio varejista saltou 1,1% em fevereiro, a segunda alta seguida ap\u00f3s a eleva\u00e7\u00e3o de 0,8% verificada em janeiro, mostram dados divulgados nesta quarta-feira (13) pelo IBGE (Instituto Brasileiro de Geografia e Estat\u00edstica).&nbsp; Com a varia\u00e7\u00e3o [&hellip;]<\/p>\n","protected":false},"author":8,"featured_media":5621,"comment_status":"closed","ping_status":"open","sticky":false,"template":"","format":"standard","meta":{"rop_custom_images_group":[],"rop_custom_messages_group":[],"rop_publish_now":"initial","rop_publish_now_accounts":[],"rop_publish_now_history":[],"rop_publish_now_status":"pending","footnotes":""},"categories":[192],"tags":[],"class_list":["post-5620","post","type-post","status-publish","format-standard","has-post-thumbnail","hentry","category-economia"],"amp_enabled":true,"_links":{"self":[{"href":"https:\/\/imais.online\/portal\/wp-json\/wp\/v2\/posts\/5620","targetHints":{"allow":["GET"]}}],"collection":[{"href":"https:\/\/imais.online\/portal\/wp-json\/wp\/v2\/posts"}],"about":[{"href":"https:\/\/imais.online\/portal\/wp-json\/wp\/v2\/types\/post"}],"author":[{"embeddable":true,"href":"https:\/\/imais.online\/portal\/wp-json\/wp\/v2\/users\/8"}],"replies":[{"embeddable":true,"href":"https:\/\/imais.online\/portal\/wp-json\/wp\/v2\/comments?post=5620"}],"version-history":[{"count":1,"href":"https:\/\/imais.online\/portal\/wp-json\/wp\/v2\/posts\/5620\/revisions"}],"predecessor-version":[{"id":5622,"href":"https:\/\/imais.online\/portal\/wp-json\/wp\/v2\/posts\/5620\/revisions\/5622"}],"wp:featuredmedia":[{"embeddable":true,"href":"https:\/\/imais.online\/portal\/wp-json\/wp\/v2\/media\/5621"}],"wp:attachment":[{"href":"https:\/\/imais.online\/portal\/wp-json\/wp\/v2\/media?parent=5620"}],"wp:term":[{"taxonomy":"category","embeddable":true,"href":"https:\/\/imais.online\/portal\/wp-json\/wp\/v2\/categories?post=5620"},{"taxonomy":"post_tag","embeddable":true,"href":"https:\/\/imais.online\/portal\/wp-json\/wp\/v2\/tags?post=5620"}],"curies":[{"name":"wp","href":"https:\/\/api.w.org\/{rel}","templated":true}]}}