{"id":5704,"date":"2022-04-14T15:27:09","date_gmt":"2022-04-14T18:27:09","guid":{"rendered":"https:\/\/imais.online\/portal\/?p=5704"},"modified":"2022-04-14T15:28:45","modified_gmt":"2022-04-14T18:28:45","slug":"7-coques-para-madrinhas-de-casamento-inspirados-no-tapete-vermelho","status":"publish","type":"post","link":"https:\/\/imais.online\/portal\/7-coques-para-madrinhas-de-casamento-inspirados-no-tapete-vermelho\/","title":{"rendered":"7 coques para madrinhas de casamento inspirados no tapete vermelho"},"content":{"rendered":"<div class=\"imais-before-content-placement\" id=\"imais-1751729537\"><script async src=\"\/\/pagead2.googlesyndication.com\/pagead\/js\/adsbygoogle.js?client=ca-pub-8787528412751566\" crossorigin=\"anonymous\"><\/script><ins class=\"adsbygoogle\" style=\"display:block;\" data-ad-client=\"ca-pub-8787528412751566\" \ndata-ad-slot=\"\" \ndata-ad-format=\"auto\"><\/ins>\n<script> \n(adsbygoogle = window.adsbygoogle || []).push({}); \n<\/script>\n<\/div>\n<h2 class=\"has-text-align-center wp-block-heading\">Para conquistar o acabamento perfeito no penteado \u00e9 essencial que voc\u00ea tenha por perto produtos para a prepara\u00e7\u00e3o e finaliza\u00e7\u00e3o dos fios, al\u00e9m de acess\u00f3rios como secador potente, prancha e babyliss<\/h2>\n\n\n\n<p>Ap\u00f3s dois anos impedidos de participar de grandes eventos por conta das restri\u00e7\u00f5es de sa\u00fade em raz\u00e3o da pandemia da Covid-19, 2022 trouxe um acumulado de comemora\u00e7\u00f5es, festas, shows e claro, muitos\u00a0<strong>casamentos<\/strong>.<\/p>\n\n\n\n<p>Para aquelas que foram escaladas \u00e0 miss\u00e3o &#8220;madrinha de casamento&#8221;, ou aquelas que est\u00e3o em busca de inspira\u00e7\u00f5es para tantos convites de cerim\u00f4nias e festas, preparamos uma sele\u00e7\u00e3o com sete\u00a0<strong>coques\u00a0<\/strong>que sa\u00edram\u00a0direto do tapete vermelho.<\/p>\n\n\n\n<p>E para conquistar o acabamento perfeito no penteado \u00e9 essencial que voc\u00ea tenha por perto produtos para a\u00a0prepara\u00e7\u00e3o e finaliza\u00e7\u00e3o dos fios, al\u00e9m de acess\u00f3rios como secador potente,\u00a0prancha e babyliss\u00a0para os retoques.\u00a0<\/p>\n\n\n\n<p>Confira as fotos abaixo e inspire-se.\u00a0<\/p>\n\n\n\n<figure class=\"wp-block-image\"><img decoding=\"async\" src=\"https:\/\/s2.glbimg.com\/CxfMPVjQcmaCoOw4eQCjWqxs_Bg=\/640x413\/smart\/e.glbimg.com\/og\/ed\/f\/original\/2022\/04\/11\/gettyimages-1207186902.jpg\" alt=\"LOS ANGELES, CALIFORNIA - FEBRUARY 18: Anya Taylor-Joy, hair detail, attends the premiere of Focus Features' &quot;Emma.&quot; at DGA Theater on February 18, 2020 in Los Angeles, California. (Photo by Rodin Eckenroth\/WireImage) (Foto: WireImage)\" title=\"Anya Taylor-Joy (Photo by Rodin Eckenroth\/WireImage) (Foto: WireImage)\"\/><figcaption>Anya Taylor-Joy (Photo by Rodin Eckenroth\/WireImage) (Foto: WireImage)<\/figcaption><\/figure>\n\n\n\n<figure class=\"wp-block-image\"><img decoding=\"async\" src=\"https:\/\/s2.glbimg.com\/7QDa-80U7xiFMpgzIGhYYb_20Is=\/600x900\/smart\/e.glbimg.com\/og\/ed\/f\/original\/2022\/04\/11\/gettyimages-1192596826.jpg\" alt=\"NEW YORK, NEW YORK - DECEMBER 07: Emma Watson, hair detail, attends the world premiere of &quot;Little Women&quot; at Museum of Modern Art on December 07, 2019 in New York City. (Photo by Taylor Hill\/WireImage,) (Foto: WireImage,)\" title=\"Emma Watson\u00a0 (Photo by Taylor Hill\/WireImage,) (Foto: WireImage,)\"\/><figcaption>Emma Watson&nbsp; (Photo by Taylor Hill\/WireImage,) (Foto: WireImage,)<\/figcaption><\/figure>\n\n\n\n<figure class=\"wp-block-image\"><img decoding=\"async\" src=\"https:\/\/s2.glbimg.com\/ndZPpmAEKjCSAj70-ehBYuSsLO8=\/600x900\/smart\/e.glbimg.com\/og\/ed\/f\/original\/2022\/04\/11\/gettyimages-1353932676.jpg\" alt=\"LAS VEGAS, NEVADA - NOVEMBER 17: Sofia Carson attends The Latin Recording Academy's 2021 Person of the Year Gala honoring Ruben Blades at Michelob ULTRA Arena on November 17, 2021 in Las Vegas, Nevada. (Photo by Arturo Holmes\/Getty Images) (Foto: Getty Images)\" title=\"Sofia Carson (Photo by Arturo Holmes\/Getty Images) (Foto: Getty Images)\"\/><figcaption>Sofia Carson (Photo by Arturo Holmes\/Getty Images) (Foto: Getty Images)<\/figcaption><\/figure>\n\n\n\n<figure class=\"wp-block-image\"><img decoding=\"async\" src=\"https:\/\/s2.glbimg.com\/cd-F9XvdYgKsp7Bc657ecGgPRRI=\/640x413\/smart\/e.glbimg.com\/og\/ed\/f\/original\/2022\/04\/11\/gettyimages-1340172933.jpg\" alt=\"NEW YORK, NEW YORK - SEPTEMBER 13: Alicia Keys (hair detail) attends The 2021 Met Gala Celebrating In America: A Lexicon Of Fashion at Metropolitan Museum of Art on September 13, 2021 in New York City. (Photo by Arturo Holmes\/MG21\/Getty Images) (Foto: Getty Images)\" title=\"Alicia Keys (Photo by Arturo Holmes\/MG21\/Getty Images) (Foto: Getty Images)\"\/><figcaption>Alicia Keys (Photo by Arturo Holmes\/MG21\/Getty Images) (Foto: Getty Images)<\/figcaption><\/figure>\n\n\n\n<figure class=\"wp-block-image\"><img decoding=\"async\" src=\"https:\/\/s2.glbimg.com\/bASkZoCJo2Y-Ku3nYsfZWMbAyE4=\/600x900\/smart\/e.glbimg.com\/og\/ed\/f\/original\/2022\/04\/11\/gettyimages-1328900131.jpg\" alt=\"CANNES, FRANCE - JULY 15: Nibar Madar, hair detail, attends the &quot;France&quot; screening during the 74th annual Cannes Film Festival on July 15, 2021 in Cannes, France. (Photo by Kate Green\/Getty Images) (Foto: Getty Images)\" title=\"Nibar Madar (Photo by Kate Green\/Getty Images) (Foto: Getty Images)\"\/><figcaption><br>Nibar Madar (Photo by Kate Green\/Getty Images) (Foto: Getty Images)<\/figcaption><\/figure>\n\n\n\n<figure class=\"wp-block-image\"><img decoding=\"async\" src=\"https:\/\/s2.glbimg.com\/Y7U7tPD3Qok3CuetR4QQRaFdxAw=\/600x900\/smart\/e.glbimg.com\/og\/ed\/f\/original\/2022\/04\/11\/gettyimages-1149126116.jpg\" alt=\"CANNES, FRANCE - MAY 14: Elle Fanning, hair and jewellery detail, attends the opening ceremony and screening of &quot;The Dead Don't Die&quot; during the 72nd annual Cannes Film Festival on May 14, 2019 in Cannes, France. (Photo by George Pimentel\/WireImage) (Foto: WireImage)\" title=\"Elle Fanning\u00a0 (Photo by George Pimentel\/WireImage) (Foto: WireImage)\"\/><figcaption>Elle Fanning&nbsp; (Photo by George Pimentel\/WireImage) (Foto: WireImage)<\/figcaption><\/figure>\n\n\n\n<figure class=\"wp-block-image\"><img decoding=\"async\" src=\"https:\/\/s2.glbimg.com\/hgD_yfRzsZx1UoX9O3GT9RsNTS4=\/600x900\/smart\/e.glbimg.com\/og\/ed\/f\/original\/2022\/04\/11\/gettyimages-469778689.jpg\" alt=\"LONDON, UNITED KINGDOM - FEBRUARY 16: Uma Thurman (Hair detail) attends the EE British Academy Film Awards 2014 at The Royal Opera House on February 16, 2014 in London, England. (Photo by Fred Duval\/FilmMagic) (Foto: FilmMagic)\" title=\"Uma Thurman\u00a0 (Photo by Fred Duval\/FilmMagic) (Foto: FilmMagic)\"\/><figcaption><br>Uma Thurman\u00a0 (Photo by Fred Duval\/FilmMagic) (Foto: FilmMagic)<\/figcaption><\/figure>\n\n\n\n<p>Abaixo confira alguns produtos que v\u00e3o te ajudar a reproduzir os penteados:<\/p>\n\n\n\n<figure class=\"wp-block-image\"><img decoding=\"async\" src=\"https:\/\/s2.glbimg.com\/euU23u4394bipte34GBlQyPfvyo=\/smart\/e.glbimg.com\/og\/ed\/f\/original\/2022\/01\/27\/image_oNkfnTu.png\" alt=\"Spray de sal Acquaflora e Keune (Foto: Reprodu\u00e7\u00e3o\/ Amazon)\" title=\"Spray de sal Acquaflora e Keune (Foto: Reprodu\u00e7\u00e3o\/ Amazon)\"\/><figcaption>Spray de sal Acquaflora e Keune (Foto: Reprodu\u00e7\u00e3o\/ Amazon)<\/figcaption><\/figure>\n\n\n\n<p><strong>Gel L\u00edquido Surf Spray,\u00a0Acquaflora<\/strong>\u00a0&#8211; F\u00f3rmula sem \u00e1lcool,\u00a0sem sal e com efeito \u00e1gua do mar atrav\u00e9s de resinas modeladoras que estilizam por tempo prolongado, por\u00e9m com toque macio.\u00a0<\/p>\n\n\n\n<p><strong>Style Salt Mist, Keune<\/strong>\u00a0&#8211; Spray de textura n\u00e3o aerossol com fixa\u00e7\u00e3o m\u00e9dia e pouco brilho. Ideal para criar ondas desconstru\u00eddas e duradouras, de efeito p\u00f3s praia.\u00a0<\/p>\n\n\n\n<figure class=\"wp-block-image\"><img decoding=\"async\" src=\"https:\/\/s2.glbimg.com\/D5LFLVI2RJFBE8ff1mQ_MM-ogho=\/smart\/e.glbimg.com\/og\/ed\/f\/original\/2022\/01\/27\/image_sUciFgx.png\" alt=\"Mousse Definidor Vertix, Keune e Wella (Foto: Reprodu\u00e7\u00e3o\/ Amazon)\" title=\"Mousse Definidor Vertix, Keune e Wella (Foto: Reprodu\u00e7\u00e3o\/ Amazon)\"\/><figcaption>Mousse Definidor Vertix, Keune e Wella (Foto: Reprodu\u00e7\u00e3o\/ Amazon)<\/figcaption><\/figure>\n\n\n\n<p><strong>Mousse Modelador Fixador Forte Vertix<\/strong>\u00a0&#8211; O mousse definidor de cachos vertix foi desenvolvido para manter as formas curvas do cabelo definidas por horas sua f\u00f3rmula exclusiva com \u00f3leo de coco e filtro uv, hidrata e protege os cachos por mais tempo.\u00a0<\/p>\n\n\n\n<p><strong>Style salt mousse, Keune<\/strong>\u00a0&#8211; Com alta fixa\u00e7\u00e3o e acabamento matte, o produto levanta o cabelo na raiz, texturiza e d\u00e1 volume. Perfeito para criar um estilo beach wave hair, o efeito de cabelo amassado, cachos e ondas naturais e bagun\u00e7adas, inclusive em cabelos finos e ralos.\u00a0<\/p>\n\n\n\n<p><strong>Mousse Modeladora Shape Control EIMI,\u00a0Wella Professionals<\/strong>\u00a0&#8211;\u00a0<\/p>\n\n\n\n<figure class=\"wp-block-image\"><img decoding=\"async\" src=\"https:\/\/s2.glbimg.com\/DSGe9wTz1UhxQrUtbl99aT6UQcs=\/607x429\/smart\/e.glbimg.com\/og\/ed\/f\/original\/2021\/11\/25\/kit_philco_deluxe_secador_e_escova_e_kit_philco_com_prancha_escova_e_cacheador.jpg\" alt=\"Kit Philco Deluxe Secador e Escova e Kit Philco com  Prancha, Escova e Cacheador  (Foto: Reprodu\u00e7\u00e3o)\" title=\"Kit Philco Deluxe Secador e Escova e Kit Philco com Prancha, Escova e Cacheador (Foto: Reprodu\u00e7\u00e3o)\"\/><figcaption>Kit Philco Deluxe Secador e Escova e Kit Philco com Prancha, Escova e Cacheador (Foto: Reprodu\u00e7\u00e3o)<\/figcaption><\/figure>\n\n\n\n<p>Kit Philco Deluxe: secador 2100W e escova secadora.\u00a0<\/p>\n\n\n\n<p>Kit Philco com Prancha, Escova e Cacheador.\u00a0<\/p>\n\n\n\n<figure class=\"wp-block-image\"><img decoding=\"async\" src=\"https:\/\/s2.glbimg.com\/udoX6Y-sZdnqNhfxHbORW3mMBNk=\/607x429\/smart\/e.glbimg.com\/og\/ed\/f\/original\/2021\/11\/25\/pranchas_modeladoras.jpg\" alt=\"Pranchas Modeladoras (Foto: Reprodu\u00e7\u00e3o)\" title=\"Pranchas Modeladoras (Foto: Reprodu\u00e7\u00e3o)\"\/><figcaption>Pranchas Modeladoras (Foto: Reprodu\u00e7\u00e3o)<\/figcaption><\/figure>\n\n\n\n<p><strong>Prancha Titanium rose gold, Brit\u00e2nia<\/strong>: compacta e leve, proporcionando melhor desempenho com menor esfor\u00e7o.\u00a0<\/p>\n\n\n\n<p><strong>Prancha Modeladora Essenza<\/strong>: com Revestimento Cer\u00e2mico Display Digital e sele\u00e7\u00e3o de Temperatura.\u00a0<\/p>\n\n\n\n<p><strong>Prancha Modeladora Essenza<\/strong>\u00a0com Duplo Revestimentos de Queratina Cer\u00e2mica e Seletor de Temperatura.\u00a0<\/p>\n\n\n\n<p><strong>Prancha Infrared rose, Philco<\/strong>: fun\u00e7\u00e3o vapor que hidrata e ajuda a manter o brilho e maciez dos cabelos.\u00a0<\/p>\n\n\n\n<figure class=\"wp-block-image\"><img decoding=\"async\" src=\"https:\/\/s2.glbimg.com\/FT39VWFEmkGUyJRhly7jO9Y-LZU=\/640x413\/smart\/e.glbimg.com\/og\/ed\/f\/original\/2021\/11\/25\/black_friday_beleza_modelador_cabelo_secador_chapinha_1.jpg\" alt=\"Modeladores de cabelo  (Foto: Reprodu\u00e7\u00e3o)\" title=\"Modeladores de cabelo (Foto: Reprodu\u00e7\u00e3o)\"\/><figcaption>Modeladores de cabelo (Foto: Reprodu\u00e7\u00e3o)<\/figcaption><\/figure>\n\n\n\n<p>Fonte Vogue <\/p>\n","protected":false},"excerpt":{"rendered":"<p>Para conquistar o acabamento perfeito no penteado \u00e9 essencial que voc\u00ea tenha por perto produtos para a prepara\u00e7\u00e3o e finaliza\u00e7\u00e3o dos fios, al\u00e9m de acess\u00f3rios como secador potente, prancha e babyliss Ap\u00f3s dois anos impedidos de participar de grandes eventos por conta das restri\u00e7\u00f5es de sa\u00fade em raz\u00e3o da pandemia da Covid-19, 2022 trouxe um [&hellip;]<\/p>\n","protected":false},"author":8,"featured_media":5709,"comment_status":"closed","ping_status":"open","sticky":false,"template":"","format":"standard","meta":{"rop_custom_images_group":[],"rop_custom_messages_group":[],"rop_publish_now":"initial","rop_publish_now_accounts":[],"rop_publish_now_history":[],"rop_publish_now_status":"pending","footnotes":""},"categories":[209],"tags":[],"class_list":["post-5704","post","type-post","status-publish","format-standard","has-post-thumbnail","hentry","category-estilo"],"amp_enabled":true,"_links":{"self":[{"href":"https:\/\/imais.online\/portal\/wp-json\/wp\/v2\/posts\/5704","targetHints":{"allow":["GET"]}}],"collection":[{"href":"https:\/\/imais.online\/portal\/wp-json\/wp\/v2\/posts"}],"about":[{"href":"https:\/\/imais.online\/portal\/wp-json\/wp\/v2\/types\/post"}],"author":[{"embeddable":true,"href":"https:\/\/imais.online\/portal\/wp-json\/wp\/v2\/users\/8"}],"replies":[{"embeddable":true,"href":"https:\/\/imais.online\/portal\/wp-json\/wp\/v2\/comments?post=5704"}],"version-history":[{"count":2,"href":"https:\/\/imais.online\/portal\/wp-json\/wp\/v2\/posts\/5704\/revisions"}],"predecessor-version":[{"id":5711,"href":"https:\/\/imais.online\/portal\/wp-json\/wp\/v2\/posts\/5704\/revisions\/5711"}],"wp:featuredmedia":[{"embeddable":true,"href":"https:\/\/imais.online\/portal\/wp-json\/wp\/v2\/media\/5709"}],"wp:attachment":[{"href":"https:\/\/imais.online\/portal\/wp-json\/wp\/v2\/media?parent=5704"}],"wp:term":[{"taxonomy":"category","embeddable":true,"href":"https:\/\/imais.online\/portal\/wp-json\/wp\/v2\/categories?post=5704"},{"taxonomy":"post_tag","embeddable":true,"href":"https:\/\/imais.online\/portal\/wp-json\/wp\/v2\/tags?post=5704"}],"curies":[{"name":"wp","href":"https:\/\/api.w.org\/{rel}","templated":true}]}}