{"id":5741,"date":"2022-04-16T15:09:19","date_gmt":"2022-04-16T18:09:19","guid":{"rendered":"https:\/\/imais.online\/portal\/?p=5741"},"modified":"2022-04-16T15:09:20","modified_gmt":"2022-04-16T18:09:20","slug":"taxa-extra-na-conta-de-luz-deixa-de-ser-cobrada-a-partir-de-hoje-16","status":"publish","type":"post","link":"https:\/\/imais.online\/portal\/taxa-extra-na-conta-de-luz-deixa-de-ser-cobrada-a-partir-de-hoje-16\/","title":{"rendered":"Taxa extra na conta de luz deixa de ser cobrada a partir de hoje (16)"},"content":{"rendered":"<div class=\"imais-before-content-placement\" id=\"imais-309735735\"><script async src=\"\/\/pagead2.googlesyndication.com\/pagead\/js\/adsbygoogle.js?client=ca-pub-8787528412751566\" crossorigin=\"anonymous\"><\/script><ins class=\"adsbygoogle\" style=\"display:block;\" data-ad-client=\"ca-pub-8787528412751566\" \ndata-ad-slot=\"\" \ndata-ad-format=\"auto\"><\/ins>\n<script> \n(adsbygoogle = window.adsbygoogle || []).push({}); \n<\/script>\n<\/div>\n<h2 class=\"has-text-align-center wp-block-heading\">A redu\u00e7\u00e3o estimada pelo governo para o consumidor \u00e9 de 20%; a medida foi antecipada em 15 dias<\/h2>\n\n\n\n<p>A partir deste s\u00e1bado (16), a conta de luz pode ficar mais barata com o fim da bandeira de escassez h\u00eddrica, que resultava em uma taxa extra na conta de energia el\u00e9trica de R$ 14,20 a cada 100 quilowatts-hora (kWh) consumidos. A medida, que encarecia os custos da energia el\u00e9trica, estava em vigor desde setembro de 2021.<\/p>\n\n\n\n<p>A redu\u00e7\u00e3o estimada pelo governo nas contas de luz para o consumidor \u00e9 de cerca de 20%. Isso ocorrer\u00e1 porque, com os reservat\u00f3rios de quatro das cinco regi\u00f5es do pa\u00eds mais cheios, \u00e9 poss\u00edvel, ao operador do sistema el\u00e9trico nacional, dispensar o uso de termel\u00e9tricas, que t\u00eam custo maior do que o das hidrel\u00e9tricas. Apenas os reservat\u00f3rios da Regi\u00e3o Sul est\u00e3o baixos, devido \u00e0 estiagem que atinge a regi\u00e3o.<\/p>\n\n\n\n<p>J\u00e1 havia uma previs\u00e3o de que a bandeira de escassez h\u00eddrica, patamar mais alto j\u00e1 adotado pelo governo, terminaria no fim deste m\u00eas. A medida, no entanto, acabou sendo antecipada em cerca de 15 dias.<\/p>\n\n\n\n<p>A tarifa extra foi aprovada em meio \u00e0 crise h\u00eddrica que afetou o n\u00edvel dos reservat\u00f3rios das usinas hidrel\u00e9tricas do pa\u00eds em 2021. As usinas s\u00e3o a principal fonte geradora de energia el\u00e9trica no pa\u00eds. Segundo o Minist\u00e9rio de Minas e Energia, o Brasil enfrentou, em 2021, \u201ca pior seca j\u00e1 registrada na hist\u00f3ria\u201d.<\/p>\n\n\n\n<p>\u201cPara garantir a seguran\u00e7a no fornecimento de energia el\u00e9trica, o pa\u00eds utilizou todos os recursos dispon\u00edveis, e o governo federal teve que tomar medidas excepcionais. Com o esfor\u00e7o dos \u00f3rg\u00e3os do setor, o pa\u00eds conseguiu superar esse desafio, os reservat\u00f3rios est\u00e3o muito mais cheios que no ano passado e o risco de falta de energia foi totalmente afastado\u201d, informou, em nota, a pasta.<\/p>\n\n\n\n<p>De acordo com o minist\u00e9rio, o reservat\u00f3rio da usina de Furnas terminou o m\u00eas de mar\u00e7o acima de 80% de seu volume \u00fatil. Em entrevista concedida no in\u00edcio da semana ao programa A Voz do Brasil, produzido pela Empresa Brasil de Comunica\u00e7\u00e3o (EBC), o secret\u00e1rio de Energia El\u00e9trica do minist\u00e9rio, Christiano Vieira, disse que atualmente os reservat\u00f3rios est\u00e3o, em m\u00e9dia, com 70% de n\u00edveis de armazenamento, o que, segundo ele, \u201c\u00e9 muito relevante nesta \u00e9poca do ano\u201d.<\/p>\n\n\n\n<p>\u201cN\u00e3o dispomos de n\u00edveis assim desde 2012. Temos uma condi\u00e7\u00e3o de seguran\u00e7a muito consider\u00e1vel. Na pr\u00e1tica, significa que pouca gera\u00e7\u00e3o termel\u00e9trica ser\u00e1 necess\u00e1ria, o que se traduz em uma expectativa de bandeira verde at\u00e9 o fim do ano\u201d, disse.<\/p>\n\n\n\n<p>Fonte R7<\/p>\n","protected":false},"excerpt":{"rendered":"<p>A redu\u00e7\u00e3o estimada pelo governo para o consumidor \u00e9 de 20%; a medida foi antecipada em 15 dias A partir deste s\u00e1bado (16), a conta de luz pode ficar mais barata com o fim da bandeira de escassez h\u00eddrica, que resultava em uma taxa extra na conta de energia el\u00e9trica de R$ 14,20 a cada [&hellip;]<\/p>\n","protected":false},"author":8,"featured_media":5742,"comment_status":"closed","ping_status":"open","sticky":false,"template":"","format":"standard","meta":{"rop_custom_images_group":[],"rop_custom_messages_group":[],"rop_publish_now":"initial","rop_publish_now_accounts":[],"rop_publish_now_history":[],"rop_publish_now_status":"pending","footnotes":""},"categories":[192],"tags":[73],"class_list":["post-5741","post","type-post","status-publish","format-standard","has-post-thumbnail","hentry","category-economia","tag-featured"],"amp_enabled":true,"_links":{"self":[{"href":"https:\/\/imais.online\/portal\/wp-json\/wp\/v2\/posts\/5741","targetHints":{"allow":["GET"]}}],"collection":[{"href":"https:\/\/imais.online\/portal\/wp-json\/wp\/v2\/posts"}],"about":[{"href":"https:\/\/imais.online\/portal\/wp-json\/wp\/v2\/types\/post"}],"author":[{"embeddable":true,"href":"https:\/\/imais.online\/portal\/wp-json\/wp\/v2\/users\/8"}],"replies":[{"embeddable":true,"href":"https:\/\/imais.online\/portal\/wp-json\/wp\/v2\/comments?post=5741"}],"version-history":[{"count":1,"href":"https:\/\/imais.online\/portal\/wp-json\/wp\/v2\/posts\/5741\/revisions"}],"predecessor-version":[{"id":5743,"href":"https:\/\/imais.online\/portal\/wp-json\/wp\/v2\/posts\/5741\/revisions\/5743"}],"wp:featuredmedia":[{"embeddable":true,"href":"https:\/\/imais.online\/portal\/wp-json\/wp\/v2\/media\/5742"}],"wp:attachment":[{"href":"https:\/\/imais.online\/portal\/wp-json\/wp\/v2\/media?parent=5741"}],"wp:term":[{"taxonomy":"category","embeddable":true,"href":"https:\/\/imais.online\/portal\/wp-json\/wp\/v2\/categories?post=5741"},{"taxonomy":"post_tag","embeddable":true,"href":"https:\/\/imais.online\/portal\/wp-json\/wp\/v2\/tags?post=5741"}],"curies":[{"name":"wp","href":"https:\/\/api.w.org\/{rel}","templated":true}]}}