{"id":5750,"date":"2022-04-16T15:19:50","date_gmt":"2022-04-16T18:19:50","guid":{"rendered":"https:\/\/imais.online\/portal\/?p=5750"},"modified":"2022-04-16T15:19:51","modified_gmt":"2022-04-16T18:19:51","slug":"sao-paulo-tem-a-madrugada-mais-fria-do-ano-neste-sabado","status":"publish","type":"post","link":"https:\/\/imais.online\/portal\/sao-paulo-tem-a-madrugada-mais-fria-do-ano-neste-sabado\/","title":{"rendered":"S\u00e3o Paulo tem a madrugada mais fria do ano neste s\u00e1bado"},"content":{"rendered":"<div class=\"imais-before-content-placement\" id=\"imais-2843867804\"><script async src=\"\/\/pagead2.googlesyndication.com\/pagead\/js\/adsbygoogle.js?client=ca-pub-8787528412751566\" crossorigin=\"anonymous\"><\/script><ins class=\"adsbygoogle\" style=\"display:block;\" data-ad-client=\"ca-pub-8787528412751566\" \ndata-ad-slot=\"\" \ndata-ad-format=\"auto\"><\/ins>\n<script> \n(adsbygoogle = window.adsbygoogle || []).push({}); \n<\/script>\n<\/div>\n<h2 class=\"has-text-align-center wp-block-heading\">Temperatura chegou a 13,1\u00baC na esta\u00e7\u00e3o do Mirante de Santana, na Zona Norte da cidade. Domingo de P\u00e1scoa pode bater novo recorde.<\/h2>\n\n\n\n<p>A cidade de S\u00e3o Paulo registrou a madrugada mais fria do ano neste s\u00e1bado (16), com 13,1\u00baC marcados na esta\u00e7\u00e3o do Mirante de Santana, do Inmet (Instituto Nacional de Meteorologia), \u00e0s 3h.<\/p>\n\n\n\n<p>Ao longo da manh\u00e3, o sol apareceu entre nuvens e ajudou a diminuir a sensa\u00e7\u00e3o de frio. A m\u00e1xima para este s\u00e1bado \u00e9 de 22\u00ba C.<\/p>\n\n\n\n<p>At\u00e9 este s\u00e1bado, o dia mais frio do ano\u00a0havia sido registrado no dia 22 de mar\u00e7o, com os term\u00f4metros marcando 15,7\u00baC.<\/p>\n\n\n\n<p>&#8220;\u00c9 a combina\u00e7\u00e3o de dois fatores, a falta de nuvens, que permite a atmosfera perder mais calor, e tamb\u00e9m a chegada de um ar frio&#8221;, explicou o meteorologista F\u00e1bio Luengo, do Climatempo.<\/p>\n\n\n\n<p>Segundo ele, esta temperatura \u00e9 normal para o outono, uma esta\u00e7\u00e3o de transi\u00e7\u00e3o, e que aos poucos vai ganhando a cara da esta\u00e7\u00e3o seguinte, o inverno.<\/p>\n\n\n\n<p>O domingo de P\u00e1scoa pode ainda bater novo recorde de frio, j\u00e1 que os term\u00f4metros podem chegar a 12\u00ba C na pr\u00f3xima madrugada.<\/p>\n\n\n\n<h2 class=\"wp-block-heading\">Pr\u00f3ximos dias<\/h2>\n\n\n\n<p>Os pr\u00f3ximos dias seguem parecidos, com madrugadas frias e temperatura em eleva\u00e7\u00e3o ao longo do dia.<\/p>\n\n\n\n<p>Segundo o Centro de Gerenciamento de Emerg\u00eancias, da Prefeitura, no Domingo de P\u00e1scoa (17), o sol aparece entre nuvens e favorece a gradativa subida das temperaturas, com m\u00e1ximas que podem chegar aos 23\u00b0C. N\u00e3o h\u00e1 previs\u00e3o de chuva.<\/p>\n\n\n\n<p>Na segunda-feira (18), os term\u00f4metros variam entre m\u00ednimas de 13\u00b0C e m\u00e1ximas que podem chegar aos 24\u00b0C. N\u00e3o h\u00e1 previs\u00e3o de chuva para a capital.<\/p>\n\n\n\n<p>Fonte G1<\/p>\n","protected":false},"excerpt":{"rendered":"<p>Temperatura chegou a 13,1\u00baC na esta\u00e7\u00e3o do Mirante de Santana, na Zona Norte da cidade. Domingo de P\u00e1scoa pode bater novo recorde. A cidade de S\u00e3o Paulo registrou a madrugada mais fria do ano neste s\u00e1bado (16), com 13,1\u00baC marcados na esta\u00e7\u00e3o do Mirante de Santana, do Inmet (Instituto Nacional de Meteorologia), \u00e0s 3h. Ao [&hellip;]<\/p>\n","protected":false},"author":8,"featured_media":5751,"comment_status":"closed","ping_status":"open","sticky":false,"template":"","format":"standard","meta":{"rop_custom_images_group":[],"rop_custom_messages_group":[],"rop_publish_now":"initial","rop_publish_now_accounts":[],"rop_publish_now_history":[],"rop_publish_now_status":"pending","footnotes":""},"categories":[195],"tags":[],"class_list":["post-5750","post","type-post","status-publish","format-standard","has-post-thumbnail","hentry","category-sao-paulo"],"amp_enabled":true,"_links":{"self":[{"href":"https:\/\/imais.online\/portal\/wp-json\/wp\/v2\/posts\/5750","targetHints":{"allow":["GET"]}}],"collection":[{"href":"https:\/\/imais.online\/portal\/wp-json\/wp\/v2\/posts"}],"about":[{"href":"https:\/\/imais.online\/portal\/wp-json\/wp\/v2\/types\/post"}],"author":[{"embeddable":true,"href":"https:\/\/imais.online\/portal\/wp-json\/wp\/v2\/users\/8"}],"replies":[{"embeddable":true,"href":"https:\/\/imais.online\/portal\/wp-json\/wp\/v2\/comments?post=5750"}],"version-history":[{"count":1,"href":"https:\/\/imais.online\/portal\/wp-json\/wp\/v2\/posts\/5750\/revisions"}],"predecessor-version":[{"id":5752,"href":"https:\/\/imais.online\/portal\/wp-json\/wp\/v2\/posts\/5750\/revisions\/5752"}],"wp:featuredmedia":[{"embeddable":true,"href":"https:\/\/imais.online\/portal\/wp-json\/wp\/v2\/media\/5751"}],"wp:attachment":[{"href":"https:\/\/imais.online\/portal\/wp-json\/wp\/v2\/media?parent=5750"}],"wp:term":[{"taxonomy":"category","embeddable":true,"href":"https:\/\/imais.online\/portal\/wp-json\/wp\/v2\/categories?post=5750"},{"taxonomy":"post_tag","embeddable":true,"href":"https:\/\/imais.online\/portal\/wp-json\/wp\/v2\/tags?post=5750"}],"curies":[{"name":"wp","href":"https:\/\/api.w.org\/{rel}","templated":true}]}}