{"id":5772,"date":"2022-04-19T14:03:58","date_gmt":"2022-04-19T17:03:58","guid":{"rendered":"https:\/\/imais.online\/portal\/?p=5772"},"modified":"2022-04-19T14:04:15","modified_gmt":"2022-04-19T17:04:15","slug":"preco-do-aluguel-residencial-registra-a-maior-alta-dos-ultimos-11-anos","status":"publish","type":"post","link":"https:\/\/imais.online\/portal\/preco-do-aluguel-residencial-registra-a-maior-alta-dos-ultimos-11-anos\/","title":{"rendered":"Pre\u00e7o do aluguel residencial registra a maior alta dos \u00faltimos 11 anos"},"content":{"rendered":"<div class=\"imais-before-content-placement\" id=\"imais-2732978957\"><script async src=\"\/\/pagead2.googlesyndication.com\/pagead\/js\/adsbygoogle.js?client=ca-pub-8787528412751566\" crossorigin=\"anonymous\"><\/script><ins class=\"adsbygoogle\" style=\"display:block;\" data-ad-client=\"ca-pub-8787528412751566\" \ndata-ad-slot=\"\" \ndata-ad-format=\"auto\"><\/ins>\n<script> \n(adsbygoogle = window.adsbygoogle || []).push({}); \n<\/script>\n<\/div>\n<h2 class=\"has-text-align-center wp-block-heading\">Com aumento de 1,63% em mar\u00e7o, pre\u00e7os sobem pelo nono m\u00eas consecutivo, segundo \u00edndice\u00a0FipeZAP+ de Loca\u00e7\u00e3o<\/h2>\n\n\n\n<p>O pre\u00e7o do aluguel residencial subiu pelo nono m\u00eas consecutivo no Brasil. Segundo o \u00edndice FipeZAP+ de Loca\u00e7\u00e3o, que analisa os valores em 25 cidades do pa\u00eds, foi registrado um aumento de 1,63% em mar\u00e7o. Essa \u00e9 a maior varia\u00e7\u00e3o desde julho de 2011.<\/p>\n\n\n\n<p>Apesar da alta, o crescimento do pre\u00e7o do aluguel ficou um pouco abaixo da\u00a0<strong>infla\u00e7\u00e3o no per\u00edodo (1,62%)<\/strong>, medida pelo IPCA (\u00cdndice de Pre\u00e7os ao Consumidor Amplo).<\/p>\n\n\n\n<p>A \u00fanica cidade analisada pela pesquisa que n\u00e3o teve aumento dos pre\u00e7os foi Pelotas, com queda de 0,07%. Nas capitais analisadas, a maior alta foi em Goi\u00e2nia (4,93%) e a menor, em Porto Alegre (0,55%).<\/p>\n\n\n\n<p>Confira os percentuais de crescimento no m\u00eas de mar\u00e7o, segundo a pesquisa:<\/p>\n\n\n\n<p><strong>Goi\u00e2nia:\u00a0<\/strong>4,93%<br><strong>Fortaleza:\u00a0<\/strong>3,19%<br><strong>Florian\u00f3polis:\u00a0<\/strong>3,05%<br><strong>Salvador:\u00a0<\/strong>2,91%<br><strong>Belo Horizonte:\u00a0<\/strong>2,62%<br><strong>Curitiba:\u00a0<\/strong>2,27%<br><strong>Rio de Janeiro:\u00a0<\/strong>1,86%<br><strong>Recife:\u00a0<\/strong>1,26%<br><strong>Bras\u00edlia:\u00a0<\/strong>1,09%<br><strong>S\u00e3o Paulo:\u00a0<\/strong>1,08%<br><strong>Porto Alegre:\u00a0<\/strong>0,55%<\/p>\n\n\n\n<h3 class=\"wp-block-heading\">Varia\u00e7\u00e3o no trimestre<\/h3>\n\n\n\n<p><strong>No primeiro trimestre do ano, a loca\u00e7\u00e3o residencial acumulou alta<\/strong>\u00a0de 4,07% e superou a infla\u00e7\u00e3o do per\u00edodo (3,20%).<\/p>\n\n\n\n<p>Em 2022, todas as cidades monitoradas seguiram a tend\u00eancia de eleva\u00e7\u00e3o nos pre\u00e7os:<\/p>\n\n\n\n<p><strong>Goi\u00e2nia:<\/strong>\u00a014,20%<br><strong>Florian\u00f3polis:<\/strong>\u00a07,28%<br><strong>Salvador:\u00a0<\/strong>7,09%<br><strong>Fortaleza:<\/strong>\u00a06,74%<br><strong>Curitiba:\u00a0<\/strong>6,18%<br><strong>Belo Horizonte:<\/strong>\u00a04,75%<br><strong>Rio de Janeiro:<\/strong>\u00a04,63%<br><strong>Recife:<\/strong>\u00a04,59%<br><strong>Bras\u00edlia:<\/strong>\u00a02,94%<br><strong>S\u00e3o Paulo:<\/strong>\u00a02,50%<br><strong>Porto Alegre:<\/strong>\u00a00,87%<\/p>\n\n\n\n<h3 class=\"wp-block-heading\">Varia\u00e7\u00e3o do aluguel nos \u00faltimos 12 meses<\/h3>\n\n\n\n<p>Em rela\u00e7\u00e3o aos \u00faltimos 12 meses, a alta foi de 7,59%; varia\u00e7\u00e3o menor do que a registrada pela infla\u00e7\u00e3o medida pelo IPCA (11,30%). Mais uma vez, nenhuma das cidades do \u00edndice registrou queda no valor do aluguel.<\/p>\n\n\n\n<p><strong>Goi\u00e2nia:<\/strong>&nbsp;21,46%<br><strong>Fortaleza:<\/strong>&nbsp;17,89%<br><strong>Curitiba:<\/strong>&nbsp;16,92%<br><strong>Florian\u00f3polis:<\/strong>&nbsp;15,91%<br><strong>Recife:<\/strong>&nbsp;13,33%<br><strong>Belo Horizonte:<\/strong>&nbsp;10,74%<br><strong>Salvador:<\/strong>&nbsp;8,96%<br><strong>Rio de Janeiro:<\/strong>&nbsp;7,30%<br><strong>Bras\u00edlia:<\/strong>&nbsp;6,63%<br><strong>Porto Alegre:<\/strong>&nbsp;3,19%<br><strong>S\u00e3o Paulo:<\/strong>&nbsp;2,62%<\/p>\n\n\n\n<h3 class=\"wp-block-heading\">Pre\u00e7o m\u00e9dio do aluguel<\/h3>\n\n\n\n<p>O pre\u00e7o m\u00e9dio do aluguel de im\u00f3veis residenciais foi de R$ 32,75\/m\u00b2 em mar\u00e7o de 2022. Entre as capitais, S\u00e3o Paulo teve o valor mais elevado (R$ 40,69\/m\u00b2), seguida por Recife (R$ 37,24\/m\u00b2), Bras\u00edlia (R$ 35,00\/m\u00b2) e Rio de Janeiro (R$ 33,52\/m\u00b2).<\/p>\n\n\n\n<p>As cidades com menor valor de loca\u00e7\u00e3o residencial foram Fortaleza (R$ 20,28\/m\u00b2), Goi\u00e2nia (R$ 22,42\/m\u00b2), Porto Alegre (R$ 25,12\/m\u00b2) e Curitiba (R$ 25,27\/m\u00b2).<\/p>\n\n\n\n<p>Fonte R7<\/p>\n","protected":false},"excerpt":{"rendered":"<p>Com aumento de 1,63% em mar\u00e7o, pre\u00e7os sobem pelo nono m\u00eas consecutivo, segundo \u00edndice\u00a0FipeZAP+ de Loca\u00e7\u00e3o O pre\u00e7o do aluguel residencial subiu pelo nono m\u00eas consecutivo no Brasil. Segundo o \u00edndice FipeZAP+ de Loca\u00e7\u00e3o, que analisa os valores em 25 cidades do pa\u00eds, foi registrado um aumento de 1,63% em mar\u00e7o. Essa \u00e9 a maior [&hellip;]<\/p>\n","protected":false},"author":8,"featured_media":5773,"comment_status":"closed","ping_status":"open","sticky":false,"template":"","format":"standard","meta":{"rop_custom_images_group":[],"rop_custom_messages_group":[],"rop_publish_now":"initial","rop_publish_now_accounts":[],"rop_publish_now_history":[],"rop_publish_now_status":"pending","footnotes":""},"categories":[192],"tags":[73],"class_list":["post-5772","post","type-post","status-publish","format-standard","has-post-thumbnail","hentry","category-economia","tag-featured"],"amp_enabled":true,"_links":{"self":[{"href":"https:\/\/imais.online\/portal\/wp-json\/wp\/v2\/posts\/5772","targetHints":{"allow":["GET"]}}],"collection":[{"href":"https:\/\/imais.online\/portal\/wp-json\/wp\/v2\/posts"}],"about":[{"href":"https:\/\/imais.online\/portal\/wp-json\/wp\/v2\/types\/post"}],"author":[{"embeddable":true,"href":"https:\/\/imais.online\/portal\/wp-json\/wp\/v2\/users\/8"}],"replies":[{"embeddable":true,"href":"https:\/\/imais.online\/portal\/wp-json\/wp\/v2\/comments?post=5772"}],"version-history":[{"count":2,"href":"https:\/\/imais.online\/portal\/wp-json\/wp\/v2\/posts\/5772\/revisions"}],"predecessor-version":[{"id":5775,"href":"https:\/\/imais.online\/portal\/wp-json\/wp\/v2\/posts\/5772\/revisions\/5775"}],"wp:featuredmedia":[{"embeddable":true,"href":"https:\/\/imais.online\/portal\/wp-json\/wp\/v2\/media\/5773"}],"wp:attachment":[{"href":"https:\/\/imais.online\/portal\/wp-json\/wp\/v2\/media?parent=5772"}],"wp:term":[{"taxonomy":"category","embeddable":true,"href":"https:\/\/imais.online\/portal\/wp-json\/wp\/v2\/categories?post=5772"},{"taxonomy":"post_tag","embeddable":true,"href":"https:\/\/imais.online\/portal\/wp-json\/wp\/v2\/tags?post=5772"}],"curies":[{"name":"wp","href":"https:\/\/api.w.org\/{rel}","templated":true}]}}